{"id":12041,"date":"2011-05-02T22:14:06","date_gmt":"2011-05-02T21:14:06","guid":{"rendered":"http:\/\/www.schiebener.net\/wordpress\/?p=12041"},"modified":"2011-05-02T22:17:41","modified_gmt":"2011-05-02T21:17:41","slug":"der-terrorist-osama-bin-laden-ist-tot-ist-es-schlimm-wenn-ich-keine-freude-empfinde","status":"publish","type":"post","link":"https:\/\/www.schiebener.net\/wordpress\/der-terrorist-osama-bin-laden-ist-tot-ist-es-schlimm-wenn-ich-keine-freude-empfinde\/","title":{"rendered":"Der Terrorist Osama bin Laden ist tot. Ist es schlimm, wenn ich keine Freude empfinde?"},"content":{"rendered":"<p>Als ich heute Morgen die <a href=\"http:\/\/www.ruhrbarone.de\/osama-bin-laden-ist-tot\/\" target=\"_blank\">Nachricht vom Tod Osama<\/a> bin Ladens gelesen habe, kam bei mir <a href=\"http:\/\/www.sueddeutsche.de\/politik\/bin-ladens-tod-deutschland-und-das-voelkerrecht-beifall-fuer-blutige-rache-1.1092192\" target=\"_blank\">keine rechte Freude<\/a> auf. Das h\u00e4ngt damit zusammen, dass ich mich noch nie \u00fcber den Tod eines Menschen gefreut habe.<\/p>\n<p>Bin Laden war ein Verbrecher, und er h\u00e4tte f\u00fcr seine Verbrechen b\u00fc\u00dfen m\u00fcssen. Mir ist im Laufe des Tages ein schr\u00e4ger Gedanke gekommen:<\/p>\n<p>Israel hat den Verbrecher Eichmann entf\u00fchrt und ihm den Prozess gemacht. Der Prozess hat der Gerechtigkeit, der Wahrheit und der geschichtlichen Erkenntnis gedient.\u00a0 Als &#8222;Banalit\u00e4t des B\u00f6sen&#8220; hat Hannah Arendt die Person und die Verbrechen des M\u00f6rders Eichmann in unserem politisch-kulturellen Ged\u00e4chtnis verankert. Eichmann ist von einem Gericht zum Tode verurteilt worden.<\/p>\n<p>Von mir aus h\u00e4tte Osama bin Laden schon l\u00e4ngst einfach tot sein k\u00f6nnen. Verhungert, verdurstet, erschossen und ach ich wei\u00df nicht was. Dieses reiche S\u00f6hnchen, das sich arme Schlucker kaufen konnte, um sie als Terroristen in die Welt zu schicken, war mir immer zuwider.<\/p>\n<p>Der gro\u00dfe Fehler der Amerikaner war nicht, dass sie bin Laden exekutiert und blitzschnell ins Meer geworfen haben.<\/p>\n<p>Der Fehler war, dass Bush diesen Terroristensohn einer Familie, mit der seine eigene Familie ansonsten gut verbunden war, zur Projektions- und Symbolfigur des internationalen Terrors erhob. Bin Laden musste f\u00fcr den Krieg in Afghanistan herhalten, obwohl die Terrorangriffe von 9\/11\u00a0 nun gerade einmal nicht aus dem Land am Hindukusch kamen.<\/p>\n<p>Bush und andere haben komplexe globale, strategische, politische und wirtschaftliche Probleme auf einen einzelnen Mann reduziert. Sie haben diesen Mann mit einer Bedeutung aufgeladen, die die Spezialeinheit der USA durch die Exekution -oder sei es ein Gefecht gewesen- nicht aus der Welt geschafft hat.<\/p>\n<p>Diese &#8222;aufgeladenen Bedeutung ohne K\u00f6rper&#8220; wird sich nun neue Tr\u00e4ger suchen und, wie ich bef\u00fcrchte, auch finden.<\/p>\n<p>Die Welt ist durch die T\u00f6tung Osama bin Ladens nicht sicherer geworden. Im g\u00fcnstigsten Fall bleibt alles so wie es war.<\/p>\n<p>Dieser Osama bin Laden h\u00e4tte entmystifisziert werden m\u00fcssen &#8211; als die Banalit\u00e4t des Terrors.<\/p>\n<p>Ich w\u00fcnsche, trotz aller Bedenken, dass dies Unterfangen, so es existiert, noch gelingt. Ich bef\u00fcrchte, dass es sehr schwer wird.<\/p>\n<p><strong>Helmut Schmidt:<\/strong> T\u00f6tung bin Ladens ist &#8222;zweischneidige Sache&#8220; &#8230; <a href=\"http:\/\/www.abendblatt.de\/politik\/article1875242\/Helmut-Schmidt-Toetung-bin-Ladens-ist-zweischneidige-Sache.html\" target=\"_blank\">abendblatt<\/a><\/p>\n<p><strong>Thomas Stadler:<\/strong> H\u00e4ngt ihn h\u00f6her &#8230; <a href=\"http:\/\/www.internet-law.de\/2011\/05\/hangt-ihn-hoher.html\" target=\"_blank\">InternetLaw<\/a><\/p>\n<p><strong>Jens Ferner:<\/strong> Von der Vergeltung im Recht &#8230; <a href=\"http:\/\/www.ferner-alsdorf.de\/2011\/05\/hangt-ihn-hoher-von-der-vergeltung-im-recht\/wettbewerbsrecht\/strafrecht\/rechtsanwalt\/verkehrsrecht\/\" target=\"_blank\">Ferner<\/a><\/p>\n","protected":false},"excerpt":{"rendered":"<p>Als ich heute Morgen die Nachricht vom Tod Osama bin Ladens gelesen habe, kam bei mir keine rechte Freude auf. Das h\u00e4ngt damit zusammen, dass ich mich noch nie \u00fcber &hellip; <a href=\"https:\/\/www.schiebener.net\/wordpress\/der-terrorist-osama-bin-laden-ist-tot-ist-es-schlimm-wenn-ich-keine-freude-empfinde\/\" class=\"more-link\"><span class=\"screen-reader-text\">\u201eDer Terrorist Osama bin Laden ist tot. Ist es schlimm, wenn ich keine Freude empfinde?\u201c <\/span>weiterlesen<\/a><\/p>\n","protected":false},"author":3,"featured_media":0,"comment_status":"open","ping_status":"open","sticky":false,"template":"","format":"standard","meta":{"footnotes":""},"categories":[24],"tags":[2614,2615],"class_list":["post-12041","post","type-post","status-publish","format-standard","hentry","category-politik","tag-osama-bin-laden","tag-totung"],"_links":{"self":[{"href":"https:\/\/www.schiebener.net\/wordpress\/wp-json\/wp\/v2\/posts\/12041","targetHints":{"allow":["GET"]}}],"collection":[{"href":"https:\/\/www.schiebener.net\/wordpress\/wp-json\/wp\/v2\/posts"}],"about":[{"href":"https:\/\/www.schiebener.net\/wordpress\/wp-json\/wp\/v2\/types\/post"}],"author":[{"embeddable":true,"href":"https:\/\/www.schiebener.net\/wordpress\/wp-json\/wp\/v2\/users\/3"}],"replies":[{"embeddable":true,"href":"https:\/\/www.schiebener.net\/wordpress\/wp-json\/wp\/v2\/comments?post=12041"}],"version-history":[{"count":0,"href":"https:\/\/www.schiebener.net\/wordpress\/wp-json\/wp\/v2\/posts\/12041\/revisions"}],"wp:attachment":[{"href":"https:\/\/www.schiebener.net\/wordpress\/wp-json\/wp\/v2\/media?parent=12041"}],"wp:term":[{"taxonomy":"category","embeddable":true,"href":"https:\/\/www.schiebener.net\/wordpress\/wp-json\/wp\/v2\/categories?post=12041"},{"taxonomy":"post_tag","embeddable":true,"href":"https:\/\/www.schiebener.net\/wordpress\/wp-json\/wp\/v2\/tags?post=12041"}],"curies":[{"name":"wp","href":"https:\/\/api.w.org\/{rel}","templated":true}]}}