{"id":11829,"date":"2011-04-06T22:10:36","date_gmt":"2011-04-06T21:10:36","guid":{"rendered":"http:\/\/www.schiebener.net\/wordpress\/?p=11829"},"modified":"2011-04-06T22:11:20","modified_gmt":"2011-04-06T21:11:20","slug":"umleitung-erich-muhsam-bild-demo-in-gronau-und-claudia-roth","status":"publish","type":"post","link":"https:\/\/www.schiebener.net\/wordpress\/umleitung-erich-muhsam-bild-demo-in-gronau-und-claudia-roth\/","title":{"rendered":"Umleitung: Erich M\u00fchsam, BILD, Demo in Gronau und Claudia Roth."},"content":{"rendered":"<figure id=\"attachment_11830\" aria-describedby=\"caption-attachment-11830\" style=\"width: 192px\" class=\"wp-caption alignleft\"><a href=\"http:\/\/www.schiebener.net\/wordpress\/wp-content\/uploads\/2011\/04\/siedlinghausen20110405.jpg\"><img loading=\"lazy\" decoding=\"async\" class=\"size-full wp-image-11830\" title=\"siedlinghausen20110405\" src=\"http:\/\/www.schiebener.net\/wordpress\/wp-content\/uploads\/2011\/04\/siedlinghausen20110405.jpg\" alt=\"siedlinghausen20110405\" width=\"192\" height=\"173\" srcset=\"https:\/\/www.schiebener.net\/wordpress\/wp-content\/uploads\/2011\/04\/siedlinghausen20110405.jpg 320w, https:\/\/www.schiebener.net\/wordpress\/wp-content\/uploads\/2011\/04\/siedlinghausen20110405-300x270.jpg 300w\" sizes=\"auto, (max-width: 192px) 85vw, 192px\" \/><\/a><figcaption id=\"caption-attachment-11830\" class=\"wp-caption-text\">Unser Dorf. (foto: zoom)<\/figcaption><\/figure>\n<p><strong>Erich M\u00fchsam (* 6. 4. 1878 Berlin, \u00ce\u201d 10. 7. 1934 Konzentrationslager Oranienburg, ermordet):<\/strong> Der Schriftsteller und Publizist war einer der markantesten und literarisch fruchtbarsten Vertreter des deutschen Anarchismus &#8230; <a href=\"http:\/\/hpd.de\/node\/1552\" target=\"_blank\">hpd<\/a><\/p>\n<p><strong>BILD:<\/strong> Die Studie \u00bb<a href=\"http:\/\/www.bild-studie.de\/\" target=\"_blank\">Drucksache \u00e2\u20ac\u017eBild\u00e2\u20ac\u0153 \u00e2\u20ac\u201c Eine Marke und ihr M\u00e4gde<\/a>\u00ab wird heute im Printformat ver\u00f6ffentlicht und am Freitag ausf\u00fchrlich auf den NachDenkSeiten vorgestellt &#8230; <a href=\"http:\/\/www.nachdenkseiten.de\/?p=8996\" target=\"_blank\">nachdenkseiten<\/a><\/p>\n<p><strong>Forsa:<\/strong> Gr\u00fcne vor SPD \u00e2\u20ac\u201c Deutschland verliebt sich in Claudia Roth &#8230; <a href=\"http:\/\/www.ruhrbarone.de\/forsa-grune-vor-spd-deutschland-verliebt-sich-in-claudia-roth\/\" target=\"_blank\">ruhrbarone<\/a><\/p>\n<p><strong>Reklame statt Journalismus:<\/strong> Besonders Autos kommen schleichend &#8230; <a href=\"http:\/\/www.medienmoral-nrw.de\/2011\/04\/besonders-autos-kommen-schleichend\/#more-1442\" target=\"_blank\">medienmoral<\/a><\/p>\n<p><strong>Himmelschreiende Schande:<\/strong> Zentralratspr\u00e4sident Dieter Graumann kritisiert die Vermittlerrolle der Bundesbank in einem iranisch-indischen \u00d6lgesch\u00e4ft &#8230; <a href=\"http:\/\/www.juedische-allgemeine.de\/article\/view\/id\/10091\" target=\"_blank\">juedischeallgemeine<\/a><\/p>\n<p><strong>Anti Atom Demo am 25.4. in Gronau:<\/strong> Anti-Atom-Demo zum 25. Tschernobyl-Jahrestag am 25.4.2011. Der Kreisverband B\u00b490 \/ DIE GR\u00dcNEN beteiligt sich an der Gro\u00dfdemo gegen Atomkraft am Ostermontag in Gronau. Wer mitkommen m\u00f6chte, kann sich unter Telefon 0173\/2685575 oder per Mail an info@gruenehsk.de anmelden f\u00fcr den Bustransfer direkt zur Demo (10 EUR Fahrtkostenbeitrag, Kinder die H\u00e4lfte).Die Anmeldung sollte bis zum 22. April erfolgen.Maximal 60 Pl\u00e4tze stehen zur Verf\u00fcgung. Zusteigem\u00f6glichkeit wird es in Meschede(Busbahnhof) um 10:00 Uhr, Arnsberg (Neumarkt)10:30 Uhr und Neheim (Bahnhof)10:45 Uhr geben &#8230; <a href=\"http:\/\/www.gruene-sundern.de\/?p=692\" target=\"_blank\">gruenesundern<\/a><\/p>\n<p><strong>Hagen:<\/strong> Podiumsdiskussion zur Finanzmisere der St\u00e4dte mit Herbert Schui, Mitglied der Memorandum-Gruppe<br \/>\nJochen Marquardt, DGB Kreisvorsitzender in Hagen. Donnerstag, 7.April 2011 um 19:00 Uhr<br \/>\nKulturzentrum Pelmke, Pelmkestra\u00dfe 14, 58089 Hagen &#8230; <a href=\"http:\/\/doppelwacholder.wordpress.com\/2011\/04\/04\/podiumsdiskussion-zur-finanzmisere-der-stadte\/\" target=\"_blank\">doppelwacholder<\/a><\/p>\n<p><strong>Warum die Kreisverwaltung das Gesundheitsamt f\u00fcr attraktiv h\u00e4lt:<\/strong> Im l\u00e4ndlichen Raum, also auch in weiten Bereichen der Kreisgebiets, droht \u00c4rztemangel. Der Hochsauerlandkreis ist Mitbegr\u00fcnder eines Vereins, der das verhindern will &#8230; <a href=\"http:\/\/sbl-fraktion.de\/gesundheitspolitik\/warum-die-kreisverwaltung-das-gesundheitsamt-fur-attraktiv-halt.html\" target=\"_blank\">sbl<\/a><\/p>\n","protected":false},"excerpt":{"rendered":"<p>Erich M\u00fchsam (* 6. 4. 1878 Berlin, \u00ce\u201d 10. 7. 1934 Konzentrationslager Oranienburg, ermordet): Der Schriftsteller und Publizist war einer der markantesten und literarisch fruchtbarsten Vertreter des deutschen Anarchismus &#8230; &hellip; <a href=\"https:\/\/www.schiebener.net\/wordpress\/umleitung-erich-muhsam-bild-demo-in-gronau-und-claudia-roth\/\" class=\"more-link\"><span class=\"screen-reader-text\">\u201eUmleitung: Erich M\u00fchsam, BILD, Demo in Gronau und Claudia Roth.\u201c <\/span>weiterlesen<\/a><\/p>\n","protected":false},"author":3,"featured_media":0,"comment_status":"open","ping_status":"open","sticky":false,"template":"","format":"standard","meta":{"footnotes":""},"categories":[319,6,80,32,24,379,549,1208],"tags":[1490,423,2547,637,2550,2548,164,979,2549,2354,13],"class_list":["post-11829","post","type-post","status-publish","format-standard","hentry","category-geschichte","category-kalenderblatt","category-lokales","category-medien","category-politik","category-umleitung","category-umwelt","category-wirtschaft","tag-anti-atom","tag-bildzeitung","tag-demo","tag-erich-muhsam","tag-gesundheitsamt","tag-gronau","tag-grune","tag-hagen","tag-herbert-schui","tag-schleichwerbung","tag-spd"],"_links":{"self":[{"href":"https:\/\/www.schiebener.net\/wordpress\/wp-json\/wp\/v2\/posts\/11829","targetHints":{"allow":["GET"]}}],"collection":[{"href":"https:\/\/www.schiebener.net\/wordpress\/wp-json\/wp\/v2\/posts"}],"about":[{"href":"https:\/\/www.schiebener.net\/wordpress\/wp-json\/wp\/v2\/types\/post"}],"author":[{"embeddable":true,"href":"https:\/\/www.schiebener.net\/wordpress\/wp-json\/wp\/v2\/users\/3"}],"replies":[{"embeddable":true,"href":"https:\/\/www.schiebener.net\/wordpress\/wp-json\/wp\/v2\/comments?post=11829"}],"version-history":[{"count":0,"href":"https:\/\/www.schiebener.net\/wordpress\/wp-json\/wp\/v2\/posts\/11829\/revisions"}],"wp:attachment":[{"href":"https:\/\/www.schiebener.net\/wordpress\/wp-json\/wp\/v2\/media?parent=11829"}],"wp:term":[{"taxonomy":"category","embeddable":true,"href":"https:\/\/www.schiebener.net\/wordpress\/wp-json\/wp\/v2\/categories?post=11829"},{"taxonomy":"post_tag","embeddable":true,"href":"https:\/\/www.schiebener.net\/wordpress\/wp-json\/wp\/v2\/tags?post=11829"}],"curies":[{"name":"wp","href":"https:\/\/api.w.org\/{rel}","templated":true}]}}