{"id":11709,"date":"2011-03-27T20:35:03","date_gmt":"2011-03-27T19:35:03","guid":{"rendered":"http:\/\/www.schiebener.net\/wordpress\/?p=11709"},"modified":"2011-03-27T21:27:31","modified_gmt":"2011-03-27T20:27:31","slug":"wahlen-in-suddeutschland-erstens-kommt-es-wie-gedacht-und-dann-doch-wieder-anders","status":"publish","type":"post","link":"https:\/\/www.schiebener.net\/wordpress\/wahlen-in-suddeutschland-erstens-kommt-es-wie-gedacht-und-dann-doch-wieder-anders\/","title":{"rendered":"Wahlen in S\u00fcddeutschland: erstens kommt es wie gedacht und dann doch wieder anders."},"content":{"rendered":"<figure id=\"attachment_11712\" aria-describedby=\"caption-attachment-11712\" style=\"width: 224px\" class=\"wp-caption alignleft\"><img loading=\"lazy\" decoding=\"async\" class=\"size-full wp-image-11712 \" title=\"rheinlandpfalzmosel\" src=\"http:\/\/www.schiebener.net\/wordpress\/wp-content\/uploads\/2011\/03\/rheinlandpfalzmosel.jpg\" alt=\"Die Mosel und die Wahlen. Rheinland-Pfalz f\u00fcr Durchblicker. (foto: zoom)\" width=\"224\" height=\"168\" srcset=\"https:\/\/www.schiebener.net\/wordpress\/wp-content\/uploads\/2011\/03\/rheinlandpfalzmosel.jpg 320w, https:\/\/www.schiebener.net\/wordpress\/wp-content\/uploads\/2011\/03\/rheinlandpfalzmosel-300x225.jpg 300w\" sizes=\"auto, (max-width: 224px) 85vw, 224px\" \/><figcaption id=\"caption-attachment-11712\" class=\"wp-caption-text\">Die Mosel und die Wahlen. Rheinland-Pfalz f\u00fcr Durchblicker. (foto: zoom)<\/figcaption><\/figure>\n<p><strong>Die Wahlen in Baden-W\u00fcrttemberg und Rheinland-Pfalz sind gelaufen. Verloren hat die CDU in Baden-W\u00fcrttemberg, die FDP \u00fcberall, die SPD ebenfalls und nicht beachtet wurde die Linke. Tages-und Trendsieger sind die Gr\u00fcnen. <\/strong><\/p>\n<p>Obwohl in Baden-W\u00fcrttemberg die prozentualen Werte eindeutig gegen Mappus sprechen, k\u00f6nnte es sein, dass er trotzdem Morgen fr\u00fch wegen der \u00dcberhangmandate aus den Wahlkreisen knapp die CDU-FDP Koalition behauptet.<\/p>\n<p>Allerlei \u00dcberraschungen sind noch drin: Welche K\u00f6pfe werden rollen, welche Koalitionen werden wirklich gebildet?<\/p>\n<p>In Rheinland-Pfalz ist neben Rot-Gr\u00fcn eine Koalition zwischen der ehemaligen Weink\u00f6nigin Julia Kl\u00f6ckner und den Gr\u00fcnen gegen den skandalbewehrten Kurt Beck m\u00f6glich. Immerhin ist Kl\u00f6ckner dem SPD-Problemb\u00e4ren Beck dicht auf die Pelle ger\u00fcckt.<\/p>\n<p>Es k\u00f6nnte sich r\u00e4chen, dass die SPD in der Post-Schr\u00f6der-Clement \u00c4ra noch kein zuverl\u00e4ssiges Profil gefunden hat. In einer<a href=\"http:\/\/www.facebook.com\/spdmeschede\" target=\"_blank\"> kleinen Facebook Diskussion mit der SPD Meschede<\/a> habe ich dazu Folgendes geschrieben:<\/p>\n<p><span>&#8222;Meine (Sub-)These ist ja, dass der Egomane  Fischer den Gr\u00fcnen nicht geschadet hat, Basta-Schr\u00f6der und der  neoliberale Clement der SPD hingegen immer noch anh\u00e4ngt. Was meint ihr?<\/span>&#8220;<\/p>\n<p>Zu den Gr\u00fcnen ebendort:<\/p>\n<p><span>&#8222;Die Gr\u00fcnen sind die neue FDP, sie repr\u00e4sentieren  all das, was die alte FDP im guten Sinne(70er Jahre &#8211; lange her) war,  plus die breite Str\u00f6mung der \u00d6kologie-Bewegung. Die Mittelschichten, die  damals FDP gew\u00e4hlt hatten, gibt es so nicht mehr. Das, was die FDP  fr\u00fcher  auch vertrat, individuelle Freiheiten und B\u00fcrgerrechte,  vertreten heute die Gr\u00fcnen, die FDP hingegen ist im  marktwirtschaftlichen Neoliberalismus verkommen.&#8220;<\/span><\/p>\n<p><span>Dabei sehe ich die Rolle der Gr\u00fcnen eher unterk\u00fchlt, denn:<\/span><\/p>\n<p><span>&#8222;Oh, in der Regierungsverantwortung waren sie mit  Schr\u00f6der. In Hamburg haben die Gr\u00fcnen kl\u00e4glich versagt. Heute hat es  ihnen nicht geschadet, aber Christa Goetsch wird ihnen nicht verziehen.  Es gibt neben dem Zeitgeist auch  noch ein politisches Unterbewusstsein  \ud83d\ude09<\/span>&#8220;<\/p>\n<p>Mein Bauchgef\u00fchl sagt mir, dass die SPD, die FDP und die Linke in NRW alles daran setzen werden, Neuwahlen vor den Sommerferien zu verhindern.<\/p>\n<p>Aber wie gesagt bzw. geschrieben:<\/p>\n<p>Erstens kommt es anders, zweitens als gedacht \ud83d\ude09<\/p>\n","protected":false},"excerpt":{"rendered":"<p>Die Wahlen in Baden-W\u00fcrttemberg und Rheinland-Pfalz sind gelaufen. Verloren hat die CDU in Baden-W\u00fcrttemberg, die FDP \u00fcberall, die SPD ebenfalls und nicht beachtet wurde die Linke. Tages-und Trendsieger sind die &hellip; <a href=\"https:\/\/www.schiebener.net\/wordpress\/wahlen-in-suddeutschland-erstens-kommt-es-wie-gedacht-und-dann-doch-wieder-anders\/\" class=\"more-link\"><span class=\"screen-reader-text\">\u201eWahlen in S\u00fcddeutschland: erstens kommt es wie gedacht und dann doch wieder anders.\u201c <\/span>weiterlesen<\/a><\/p>\n","protected":false},"author":3,"featured_media":0,"comment_status":"open","ping_status":"open","sticky":false,"template":"","format":"standard","meta":{"footnotes":""},"categories":[80,24],"tags":[2502,2508,2509,1446,2507,2510],"class_list":["post-11709","post","type-post","status-publish","format-standard","hentry","category-lokales","category-politik","tag-baden-wurttemberg","tag-julia-klockner","tag-kurt-beck","tag-landtagswahlen","tag-rheinland-pfalz","tag-stefan-mappus"],"_links":{"self":[{"href":"https:\/\/www.schiebener.net\/wordpress\/wp-json\/wp\/v2\/posts\/11709","targetHints":{"allow":["GET"]}}],"collection":[{"href":"https:\/\/www.schiebener.net\/wordpress\/wp-json\/wp\/v2\/posts"}],"about":[{"href":"https:\/\/www.schiebener.net\/wordpress\/wp-json\/wp\/v2\/types\/post"}],"author":[{"embeddable":true,"href":"https:\/\/www.schiebener.net\/wordpress\/wp-json\/wp\/v2\/users\/3"}],"replies":[{"embeddable":true,"href":"https:\/\/www.schiebener.net\/wordpress\/wp-json\/wp\/v2\/comments?post=11709"}],"version-history":[{"count":0,"href":"https:\/\/www.schiebener.net\/wordpress\/wp-json\/wp\/v2\/posts\/11709\/revisions"}],"wp:attachment":[{"href":"https:\/\/www.schiebener.net\/wordpress\/wp-json\/wp\/v2\/media?parent=11709"}],"wp:term":[{"taxonomy":"category","embeddable":true,"href":"https:\/\/www.schiebener.net\/wordpress\/wp-json\/wp\/v2\/categories?post=11709"},{"taxonomy":"post_tag","embeddable":true,"href":"https:\/\/www.schiebener.net\/wordpress\/wp-json\/wp\/v2\/tags?post=11709"}],"curies":[{"name":"wp","href":"https:\/\/api.w.org\/{rel}","templated":true}]}}