{"id":11545,"date":"2011-03-14T20:59:59","date_gmt":"2011-03-14T19:59:59","guid":{"rendered":"http:\/\/www.schiebener.net\/wordpress\/?p=11545"},"modified":"2011-03-14T21:00:43","modified_gmt":"2011-03-14T20:00:43","slug":"nach-der-buchen-fallung-mescheder-grune-fordern-baumschutzsatzung","status":"publish","type":"post","link":"https:\/\/www.schiebener.net\/wordpress\/nach-der-buchen-fallung-mescheder-grune-fordern-baumschutzsatzung\/","title":{"rendered":"Wurden in Meschede gesunde Buchen gef\u00e4llt? GR\u00dcNE  fordern Baumschutzsatzung."},"content":{"rendered":"<figure id=\"attachment_11546\" aria-describedby=\"caption-attachment-11546\" style=\"width: 192px\" class=\"wp-caption alignleft\"><img loading=\"lazy\" decoding=\"async\" class=\"size-full wp-image-11546 \" title=\"buchemeschede01\" src=\"http:\/\/www.schiebener.net\/wordpress\/wp-content\/uploads\/2011\/03\/buchemeschede01.jpg\" alt=\"Das war's. Gef\u00e4llte Buche vor dem Krankenhaus. (foto: thoridt)\" width=\"192\" height=\"128\" srcset=\"https:\/\/www.schiebener.net\/wordpress\/wp-content\/uploads\/2011\/03\/buchemeschede01.jpg 320w, https:\/\/www.schiebener.net\/wordpress\/wp-content\/uploads\/2011\/03\/buchemeschede01-300x200.jpg 300w\" sizes=\"auto, (max-width: 192px) 85vw, 192px\" \/><figcaption id=\"caption-attachment-11546\" class=\"wp-caption-text\">Das war&#39;s. Gef\u00e4llte Buche vor dem Krankenhaus. (foto: thoridt)<\/figcaption><\/figure>\n<p><em>Wir ver\u00f6ffentlichen im Folgenden eine Pressemitteilung der Mescheder Gr\u00fcnen.<\/em><\/p>\n<p><strong>Meschede. (pm) Entsetzt hat die GR\u00dcNE Fraktion die Baumf\u00e4llaktion am St.- Walburga-Krankenhaus beobachtet. Die Aktion wurde auf Anfrage der Westfalenpost mit der Verkehrs-sicherungspflicht begr\u00fcndet. Die B\u00e4ume seien alt und nicht mehr standfest genug gewesen. <\/strong><\/p>\n<p>Die Verkehrssicherungspflicht ist oftmals das einzige Todschlagargument beim zahlreichen F\u00e4llen der B\u00e4ume, auch seitens der Stadtverwaltung.<\/p>\n<p>Die Mescheder GR\u00dcNEN  sind zwar auch der Auffassung, dass kranke und deshalb nicht mehr standfeste B\u00e4ume gef\u00e4llt werden sollten,  der \u00fcberwiegende Teil der am St.-Walburga-Krankenhaus gef\u00e4llten Buchen mit einem Stammumfang von einem bis zwei Metern wiesen allerdings keinerlei schadhafte Stellen auf und waren v\u00f6llig gesund.<\/p>\n<p>Die B\u00e4ume h\u00e4tten weiterhin f\u00fcr die Reinhaltung der Luft sorgen k\u00f6nnen. Durch den nicht gerade geringen Bus- und Individualverkehr im Umfeld des Krankenhauses werden erhebliche Schadstoffe ausgesto\u00dfen. Eine einzige Buche produziert an einem Tag den Sauerstoff f\u00fcr ungef\u00e4hr 50 Menschen (7000 Liter Sauerstoff).<\/p>\n<p>Was Kyrill nicht geschafft hat, schaffen offensichtlich private Eigent\u00fcmer. Die Stadt Meschede selbst ist bei derartigen Aktionen auch nicht gerade zimperlich und man sollte meinen, dass der \u00f6kologische Nutzen eines Baumes gar nicht bekannt ist. Wer von Klimaschutz redet, sollte zun\u00e4chst einmal den einfachsten Regeln der Natur folgen.<\/p>\n<p>B\u00e4ume sind ein bedeutender Bestandteil unseres Lebens, sie pr\u00e4gen das Bild unserer Landschaften und Orte und erf\u00fcllen zahlreiche \u00f6kologische Funktionen. Dabei sind sie nicht nur Lebensraum f\u00fcr Tiere, Pflanzen und Mikroorganismen. Sie sind auch Windschutz und spenden Schatten.<\/p>\n<p>Aus vorgenannten Gr\u00fcnden werden die GR\u00dcNEN f\u00fcr die n\u00e4chste Ratssitzung einen Antrag auf Erstellung einer Baumschutzsatzung einbringen, so die Fraktionsvorsitzende Mechthild Thoridt.<\/p>\n","protected":false},"excerpt":{"rendered":"<p>Wir ver\u00f6ffentlichen im Folgenden eine Pressemitteilung der Mescheder Gr\u00fcnen. Meschede. (pm) Entsetzt hat die GR\u00dcNE Fraktion die Baumf\u00e4llaktion am St.- Walburga-Krankenhaus beobachtet. Die Aktion wurde auf Anfrage der Westfalenpost mit &hellip; <a href=\"https:\/\/www.schiebener.net\/wordpress\/nach-der-buchen-fallung-mescheder-grune-fordern-baumschutzsatzung\/\" class=\"more-link\"><span class=\"screen-reader-text\">\u201eWurden in Meschede gesunde Buchen gef\u00e4llt? GR\u00dcNE  fordern Baumschutzsatzung.\u201c <\/span>weiterlesen<\/a><\/p>\n","protected":false},"author":17,"featured_media":0,"comment_status":"open","ping_status":"open","sticky":false,"template":"","format":"standard","meta":{"footnotes":""},"categories":[80,24,549],"tags":[2456,2367,264],"class_list":["post-11545","post","type-post","status-publish","format-standard","hentry","category-lokales","category-politik","category-umwelt","tag-baumschutzsatzung","tag-grune-meschede","tag-meschede"],"_links":{"self":[{"href":"https:\/\/www.schiebener.net\/wordpress\/wp-json\/wp\/v2\/posts\/11545","targetHints":{"allow":["GET"]}}],"collection":[{"href":"https:\/\/www.schiebener.net\/wordpress\/wp-json\/wp\/v2\/posts"}],"about":[{"href":"https:\/\/www.schiebener.net\/wordpress\/wp-json\/wp\/v2\/types\/post"}],"author":[{"embeddable":true,"href":"https:\/\/www.schiebener.net\/wordpress\/wp-json\/wp\/v2\/users\/17"}],"replies":[{"embeddable":true,"href":"https:\/\/www.schiebener.net\/wordpress\/wp-json\/wp\/v2\/comments?post=11545"}],"version-history":[{"count":0,"href":"https:\/\/www.schiebener.net\/wordpress\/wp-json\/wp\/v2\/posts\/11545\/revisions"}],"wp:attachment":[{"href":"https:\/\/www.schiebener.net\/wordpress\/wp-json\/wp\/v2\/media?parent=11545"}],"wp:term":[{"taxonomy":"category","embeddable":true,"href":"https:\/\/www.schiebener.net\/wordpress\/wp-json\/wp\/v2\/categories?post=11545"},{"taxonomy":"post_tag","embeddable":true,"href":"https:\/\/www.schiebener.net\/wordpress\/wp-json\/wp\/v2\/tags?post=11545"}],"curies":[{"name":"wp","href":"https:\/\/api.w.org\/{rel}","templated":true}]}}