{"id":11375,"date":"2011-02-27T21:24:42","date_gmt":"2011-02-27T20:24:42","guid":{"rendered":"http:\/\/www.schiebener.net\/wordpress\/?p=11375"},"modified":"2011-02-27T21:29:22","modified_gmt":"2011-02-27T20:29:22","slug":"umleitung-guttenbergx-und-die-verwustung-der-medienlandschaft-im-hochsauerland","status":"publish","type":"post","link":"https:\/\/www.schiebener.net\/wordpress\/umleitung-guttenbergx-und-die-verwustung-der-medienlandschaft-im-hochsauerland\/","title":{"rendered":"Umleitung: Guttenberg^x und die Verw\u00fcstung der Medienlandschaft im Hochsauerland."},"content":{"rendered":"<figure id=\"attachment_11376\" aria-describedby=\"caption-attachment-11376\" style=\"width: 150px\" class=\"wp-caption alignleft\"><img loading=\"lazy\" decoding=\"async\" class=\"size-thumbnail wp-image-11376 \" title=\"blickrichtungwinterberg\" src=\"http:\/\/www.schiebener.net\/wordpress\/wp-content\/uploads\/2011\/02\/blickrichtungwinterberg-150x150.jpg\" alt=\"Alles im gr\u00fcnen Bereich. Blick Richtung Winterberg. (foto: zoom)\" width=\"150\" height=\"150\" \/><figcaption id=\"caption-attachment-11376\" class=\"wp-caption-text\">Alles im gr\u00fcnen Bereich. Blick Richtung Winterberg. (foto: zoom)<\/figcaption><\/figure>\n<p><strong>Johannes B. Guttenberg:<\/strong> Die Wahrheit, die L\u00fcge und das gute Aussehen \u00e2\u20ac\u201c \u00fcber kommunikative Wendigkeit in der Politik &#8230; <a href=\"http:\/\/www.endoplast.de\/2011\/02\/24\/johannes-b-guttenberg-die-wahrheit-die-luge-und-das-gute-aussehen-uber-kommunikative-wendigkeit-in-der-politik\/\" target=\"_blank\">endoplast<\/a><\/p>\n<p><strong>Harte Worte:<\/strong> Der L\u00fcgner und Betr\u00fcger Guttenberg muss abtreten, meint Georg Kontekakis &#8230; <a href=\"http:\/\/www.ruhrbarone.de\/der-lugner-und-betruger-guttenberg-muss-abtreten\/\" target=\"_blank\">ruhrbarone<\/a><\/p>\n<p><strong>Entt\u00e4uschender SPIEGEL:<\/strong> BILD \u00e2\u20ac\u201c Die Brandstifter &#8230; <a href=\"http:\/\/www.pottblog.de\/2011\/02\/27\/enttaeuschender-der-spiegel-titel-092011-bild-die-brandstifter\/\" target=\"_blank\">pottblog<\/a><\/p>\n<p><strong>Guttenberg Anbetung:<\/strong> Wenn W\u00e4hler zu sehr lieben &#8230; <a href=\"http:\/\/www.sprengsatz.de\/?p=3616\" target=\"_blank\">sprengsatz<\/a><\/p>\n<p><strong>Plagiatsaff\u00e4re:<\/strong> Dummheit darf nicht siegen &#8230; <a href=\"http:\/\/m.ftd.de\/artikel\/60015851.xml?v=2.0\" target=\"_blank\">ftd<\/a><\/p>\n<p><strong>Guttenbergs Plagiate:<\/strong> &#8222;Ich denke, im aktuellen Fall ist dieser Schaden f\u00fcr das Ansehen der  Wissenschaft wohl der gr\u00f6\u00dfte. Dass der Vorfall auch noch bagatellisiert  wird, macht die Sache noch schlimmer. So wird der Eindruck erweckt, dass  Guttenbergs Vergehen nicht der Rede wert sind, und das das ja irgendwie  alle so machen&#8220; &#8230; <a href=\"http:\/\/www.wissenslogs.de\/wblogs\/blog\/detritus\/allgemein\/2011-02-25\/plagiat-und-f-lschung-zwei-verschiedene-paar-schuhe\" target=\"_blank\">wissenslogs <\/a><\/p>\n<p><strong>Guttenberg-Witze:<\/strong> Wie viele Mitarbeiter ben\u00f6tigt Guttenberg um eine Dissertation zu schreiben? &#8230; <a href=\"http:\/\/www.faz.net\/s\/Rub1ED0C280BBA14ACAB16800E2F760DF3E\/Doc~E8BB9D3CFE0BA4638869BF5F5964CD3E1~ATpl~Ecommon~SMed.html\" target=\"_blank\">faznet<\/a><\/p>\n<p><strong>Reklamezeitungen und Portale im Hochsauerland: <\/strong> Die \u00e2\u20ac\u0153Verw\u00fcstung\u00e2\u20ac\u009d der Medienlandschaft &#8211; Briloner Anzeiger fusioniert &#8230; <a href=\"http:\/\/www.wiemeringhausen-blog.com\/wordpress\/?p=2299\" target=\"_blank\">Wiemeringhauser<\/a><\/p>\n","protected":false},"excerpt":{"rendered":"<p>Johannes B. Guttenberg: Die Wahrheit, die L\u00fcge und das gute Aussehen \u00e2\u20ac\u201c \u00fcber kommunikative Wendigkeit in der Politik &#8230; endoplast Harte Worte: Der L\u00fcgner und Betr\u00fcger Guttenberg muss abtreten, meint &hellip; <a href=\"https:\/\/www.schiebener.net\/wordpress\/umleitung-guttenbergx-und-die-verwustung-der-medienlandschaft-im-hochsauerland\/\" class=\"more-link\"><span class=\"screen-reader-text\">\u201eUmleitung: Guttenberg^x und die Verw\u00fcstung der Medienlandschaft im Hochsauerland.\u201c <\/span>weiterlesen<\/a><\/p>\n","protected":false},"author":3,"featured_media":0,"comment_status":"open","ping_status":"open","sticky":false,"template":"","format":"standard","meta":{"footnotes":""},"categories":[80,32,24,379],"tags":[390,21,1096],"class_list":["post-11375","post","type-post","status-publish","format-standard","hentry","category-lokales","category-medien","category-politik","category-umleitung","tag-briloner-anzeiger","tag-spiegel","tag-von-guttenberg"],"_links":{"self":[{"href":"https:\/\/www.schiebener.net\/wordpress\/wp-json\/wp\/v2\/posts\/11375","targetHints":{"allow":["GET"]}}],"collection":[{"href":"https:\/\/www.schiebener.net\/wordpress\/wp-json\/wp\/v2\/posts"}],"about":[{"href":"https:\/\/www.schiebener.net\/wordpress\/wp-json\/wp\/v2\/types\/post"}],"author":[{"embeddable":true,"href":"https:\/\/www.schiebener.net\/wordpress\/wp-json\/wp\/v2\/users\/3"}],"replies":[{"embeddable":true,"href":"https:\/\/www.schiebener.net\/wordpress\/wp-json\/wp\/v2\/comments?post=11375"}],"version-history":[{"count":0,"href":"https:\/\/www.schiebener.net\/wordpress\/wp-json\/wp\/v2\/posts\/11375\/revisions"}],"wp:attachment":[{"href":"https:\/\/www.schiebener.net\/wordpress\/wp-json\/wp\/v2\/media?parent=11375"}],"wp:term":[{"taxonomy":"category","embeddable":true,"href":"https:\/\/www.schiebener.net\/wordpress\/wp-json\/wp\/v2\/categories?post=11375"},{"taxonomy":"post_tag","embeddable":true,"href":"https:\/\/www.schiebener.net\/wordpress\/wp-json\/wp\/v2\/tags?post=11375"}],"curies":[{"name":"wp","href":"https:\/\/api.w.org\/{rel}","templated":true}]}}