{"id":11297,"date":"2011-02-20T20:28:23","date_gmt":"2011-02-20T19:28:23","guid":{"rendered":"http:\/\/www.schiebener.net\/wordpress\/?p=11297"},"modified":"2016-01-05T16:28:54","modified_gmt":"2016-01-05T15:28:54","slug":"wer-macht-denn-da-reklame-pr-als-redaktioneller-inhalt-bei-der-westfalenpost-als-anzeige-beim-sauerlandkurier","status":"publish","type":"post","link":"https:\/\/www.schiebener.net\/wordpress\/wer-macht-denn-da-reklame-pr-als-redaktioneller-inhalt-bei-der-westfalenpost-als-anzeige-beim-sauerlandkurier\/","title":{"rendered":"Wer macht denn da Reklame? PR als redaktioneller Inhalt bei der Westfalenpost, als Anzeige beim Sauerlandkurier."},"content":{"rendered":"<p><strong>Ich habe diese Woche flei\u00dfig die Westfalenpost gekauft, um zu sehen, ob sich mit dem <a href=\"http:\/\/www.schiebener.net\/wordpress\/?p=10772\" target=\"_blank\">neuen Chefredakteur Stefan Kl\u00e4sener<\/a> schon Substanzielles bei unserer &#8222;Heimatzeitung&#8220; ge\u00e4ndert hat. <\/strong><\/p>\n<p><strong>Gekauft habe ich die einzelnen Ausgaben immer da, wo ich gerade war: 1 x Edeka (Winterberg), 1 x Kaufpark (Siedlinghausen), 3 x Kr\u00e4ling 1000 (Siedlinghausen) und am Sonnabend bei Aldi (Olsberg).<\/strong><\/p>\n<p>Beim Durchbl\u00e4ttern der Sonnabend Ausgabe stutzte ich kurz bei dem oben teilweise abfotografierten Artikel, denn es wurde mir nicht klar, woher sich die &#8222;Testk\u00e4ufer&#8220; rekrutierten und welcher Organisation sie angeh\u00f6rten. Weiterhin war mir nicht ganz verst\u00e4ndlich, welche M\u00e4rkte getestet wurden: alle m\u00f6glichen Firmengruppen oder nur Edeka-M\u00e4rkte.\u00a0 Wer ist die angesprochene &#8222;Agentur&#8220; und wer geh\u00f6rt zur sogenannten &#8222;Experten-Gruppe&#8220;?<\/p>\n<p>Meine Vermutung war und ist, dass es sich um eine Edeka-interne Geschichte handelt, aber nichts Genaues wei\u00df ich nicht.<\/p>\n<p>Nun bewegten mich andere Probleme als dieser Artikel und so speicherte ich die Fragen unter &#8222;Wiedervorlage&#8220; im Hinterst\u00fcbchen.<\/p>\n<p>Heute, einen Tag sp\u00e4ter, lag bei uns, wie jeden Sonntag,\u00a0 die Reklamezeitung &#8222;Sauerlandkurier&#8220; im Briefkasten.<\/p>\n<p>Die Papiermassen an ummantelter Werbung werfe ich noch an Ort und Stelle in die blaue Tonne und bl\u00e4ttere dann beim Sonntagsfr\u00fchst\u00fcck den Mantel durch. Manchmal ist ein interessanter Leserbrief drin, manchmal ein informativer Artikel. Ja, das gibt es bei uns im Hochsauerland auch in Reklamezeitungen \ud83d\ude09<\/p>\n<p>Beim \u00dcberfliegen fiel mir folgender korrekt als &#8222;Anzeige&#8220; <a href=\"http:\/\/www.sauerlandkurier.de\/e-center-loeffler-siegt-sauerlandkurier_kat131_id146553.html\" target=\"_blank\">gekennzeichneter Artikel <\/a>auf: [Bild entfernt]<\/p>\n<p>Wie ich es jetzt im Zuge der Guttenberg-Plagiat Aff\u00e4re gesehen habe, wagte ich mich an einen Vergleich und siehe da:<\/p>\n<p>Die Bilder sind identisch. Die Kerns\u00e4tze sind ebenfalls gleich. Der Westfalenpost-Text ist ein wenig aufgebohrt ohne der Geschichte etwas wirklich Neues hinzuzuf\u00fcgen.<\/p>\n<p>Warum mich dieser Vergleich verbl\u00fcffte? Ich hatte erwartet, dass die ganze Geschichte eher anders herum l\u00e4uft, und zwar so:<\/p>\n<p>Die Reklamezeitung\u00a0 jubelt mir PR als redaktionellen Text unter, w\u00e4hrend die Westfalenpost die Geschichte brav mit &#8222;Anzeige&#8220; umk\u00e4stelt.<\/p>\n<p>Ich habe bestimmt etwas \u00fcbersehen, oder?<\/p>\n<p>Im \u00dcbrigen habe ich mich im Oktober 2009<a href=\"http:\/\/www.schiebener.net\/wordpress\/?p=5123\" target=\"_blank\"> hier im Blog<\/a> f\u00fcr meine Verh\u00e4ltnisse nahezu euphorisch zu Edeka in Winterberg ge\u00e4u\u00dfert.<\/p>\n<p>Der Markt ist wirklich sehr gut sortiert und gef\u00fchrt, und ich hoffe, dass die Familie L\u00f6ffler weiterhin die fantastische Arbeit leistet, die ich schon kennen lernen durfte als das Gesch\u00e4ft noch in kleinem Ma\u00dfstab die Hauptstra\u00dfe in Winterberg belebte.<\/p>\n<p>Edeka war damals eines der wenigen kundenorientierten Gesch\u00e4fte mit freundlichem Personal, die es hier oben gab. Aber das ist wiederum eine ganz andere Geschichte, die darauf wartet geschrieben zu werden.<\/p>\n","protected":false},"excerpt":{"rendered":"<p>Ich habe diese Woche flei\u00dfig die Westfalenpost gekauft, um zu sehen, ob sich mit dem neuen Chefredakteur Stefan Kl\u00e4sener schon Substanzielles bei unserer &#8222;Heimatzeitung&#8220; ge\u00e4ndert hat. Gekauft habe ich die &hellip; <a href=\"https:\/\/www.schiebener.net\/wordpress\/wer-macht-denn-da-reklame-pr-als-redaktioneller-inhalt-bei-der-westfalenpost-als-anzeige-beim-sauerlandkurier\/\" class=\"more-link\"><span class=\"screen-reader-text\">\u201eWer macht denn da Reklame? PR als redaktioneller Inhalt bei der Westfalenpost, als Anzeige beim Sauerlandkurier.\u201c <\/span>weiterlesen<\/a><\/p>\n","protected":false},"author":3,"featured_media":0,"comment_status":"open","ping_status":"open","sticky":false,"template":"","format":"standard","meta":{"footnotes":""},"categories":[80,32],"tags":[566,274,971,340,322],"class_list":["post-11297","post","type-post","status-publish","format-standard","hentry","category-lokales","category-medien","tag-edeka","tag-lokaljournalismus","tag-public-relation","tag-westfalenpost","tag-winterberg"],"_links":{"self":[{"href":"https:\/\/www.schiebener.net\/wordpress\/wp-json\/wp\/v2\/posts\/11297","targetHints":{"allow":["GET"]}}],"collection":[{"href":"https:\/\/www.schiebener.net\/wordpress\/wp-json\/wp\/v2\/posts"}],"about":[{"href":"https:\/\/www.schiebener.net\/wordpress\/wp-json\/wp\/v2\/types\/post"}],"author":[{"embeddable":true,"href":"https:\/\/www.schiebener.net\/wordpress\/wp-json\/wp\/v2\/users\/3"}],"replies":[{"embeddable":true,"href":"https:\/\/www.schiebener.net\/wordpress\/wp-json\/wp\/v2\/comments?post=11297"}],"version-history":[{"count":0,"href":"https:\/\/www.schiebener.net\/wordpress\/wp-json\/wp\/v2\/posts\/11297\/revisions"}],"wp:attachment":[{"href":"https:\/\/www.schiebener.net\/wordpress\/wp-json\/wp\/v2\/media?parent=11297"}],"wp:term":[{"taxonomy":"category","embeddable":true,"href":"https:\/\/www.schiebener.net\/wordpress\/wp-json\/wp\/v2\/categories?post=11297"},{"taxonomy":"post_tag","embeddable":true,"href":"https:\/\/www.schiebener.net\/wordpress\/wp-json\/wp\/v2\/tags?post=11297"}],"curies":[{"name":"wp","href":"https:\/\/api.w.org\/{rel}","templated":true}]}}