{"id":11210,"date":"2011-02-12T19:33:54","date_gmt":"2011-02-12T18:33:54","guid":{"rendered":"http:\/\/www.schiebener.net\/wordpress\/?p=11210"},"modified":"2011-02-12T19:34:34","modified_gmt":"2011-02-12T18:34:34","slug":"dokumentiert-offener-brief-an-den-mbz-ratsherrn-jochen-senge","status":"publish","type":"post","link":"https:\/\/www.schiebener.net\/wordpress\/dokumentiert-offener-brief-an-den-mbz-ratsherrn-jochen-senge\/","title":{"rendered":"Dokumentiert: Offener Brief an den MbZ-Ratsherrn Jochen Senge"},"content":{"rendered":"<figure id=\"attachment_11211\" aria-describedby=\"caption-attachment-11211\" style=\"width: 150px\" class=\"wp-caption alignleft\"><img loading=\"lazy\" decoding=\"async\" class=\"size-full wp-image-11211\" title=\"juergen_lipke\" src=\"http:\/\/www.schiebener.net\/wordpress\/wp-content\/uploads\/2011\/02\/juergen_lipke.jpg\" alt=\"J\u00fcrgen Lipke, stellv. Vorsitzender der SPD-Ratsfraktion\" width=\"150\" height=\"175\" \/><figcaption id=\"caption-attachment-11211\" class=\"wp-caption-text\">J\u00fcrgen Lipke, stellv. Vorsitzender der SPD-Ratsfraktion (foto: spd)<\/figcaption><\/figure>\n<p><strong>J\u00fcrgen Lipke, stellvertretender Vorsitzender der SPD-Ratsfraktion In Meschede, hat mit einem Offenen Brief auf die schriftlichen \u00c4u\u00dferungen und Vorw\u00fcrfe des MbZ-Ratsherrn Jochen Senge reagiert. Der zugrunde liegende Brief von Jochen Senge liegt uns vor. Der von J\u00fcrgen Lipke zitierte Absatz ist authentisch. <\/strong><\/p>\n<p><em>Der Offene Brief im Wortlaut:<\/em><\/p>\n<p>Sehr geehrter Herr Senge!<\/p>\n<p>Ihren Brief, per Mail an den B\u00fcrgermeister und die Damen und Herren des Rates, habe ich erhalten.<br \/>\nDa Sie sich mit dieser Stellungnahme anscheinend auch an die heimische Presse gewandt haben, betrachte ich sie als \u00f6ffentlich und erlaube mir daher auch daraus zitieren.<\/p>\n<p>Sie beklagen, dass die von ihrem Fraktionsvorsitzenden Wendland vorgetragenen Kritikpunkte zum Haushalt 2011 mit einer sehr harschen Antwort des B\u00fcrgermeisters belegt worden sind. Ich m\u00f6chte an dieser Stelle weder den Umgangston des B\u00fcrgermeisters noch ihre interfraktionelle Arbeit bewerten, denn darum scheint es Ihnen pers\u00f6nlich nur nebens\u00e4chlich zu gehen.<\/p>\n<p>Was mich betroffen, ja sogar w\u00fctend macht, ist Ihr Versuch den Gr\u00fcnen und uns Sozialdemokraten den Mund verbieten zu wollen.<\/p>\n<p>Herr Senge, ich darf hierzu aus Ihrem Schreiben zitieren:<\/p>\n<p><em>&#8222;Gerade die SPD\/Gr\u00fcnen-Vertreter sollten sich ihrer demokratischen Verhaltensweise und \u00c4u\u00dferung zu anders demokratisch denkenden Personenkreisen bedeckt halten, werden sie doch in vielen Mandatsbeziehungen durch die sogen. &#8222;Linken&#8220; vom NRW-Landtag einmal ganz abgesehen, gest\u00fctzt! Wer sich durch die &#8222;Erben u. Nachfolger&#8220; einer verbrecherischen, menschenverachtenden T\u00e4ter(M\u00f6rder) Partei, die nicht besser als die waren\/sind, als die des Vorg\u00e4ngersystems, sich anbiedernd u. hofieren l\u00e4sst, wird wohl wissen, auf wen u. was man sich einl\u00e4sst?&#8220;<\/em><\/p>\n<p>Ihre Behauptungen sind nicht nur dreist, sie entsprechen auch nicht der Wahrheit. Ich darf dazu feststellen, dass die SPD-Fraktion w\u00e4hrend der gesamten Haushaltsdebatte keine Kritik an Herrn von Daake ge\u00fcbt hat. Warum auch? Dieses Thema geh\u00f6rt unseres Erachtens auch weder an diese Stelle, noch war Herr von Daake bei der betreffenden Sitzung anwesend.<\/p>\n<p>Als sozialdemokratisch denkender und handelnder Politiker, nehme ich mir aber das Recht und die Freiheit mich kritisch von Personen zu distanzieren, die sich Gruppierungen anschlie\u00dfen, welche mit Parolen wie &#8222;Gegen den linken<br \/>\nMeinungsterror&#8220; und &#8222;Deutschland in Christenhand&#8220; \u00e2\u20ac\u201c &#8222;Minarettverbote \u00e2\u20ac\u201c jetzt&#8220;, versuchen auf sich und Ihr Gedankengut aufmerksam zu machen.<\/p>\n<p>In der weit \u00fcber hundertj\u00e4hrigen Tradition der Sozialdemokraten, haben sich diese den Mund nie verbieten lassen und sind daf\u00fcr verfolgt, eingesperrt, gefoltert und ermordet worden.<\/p>\n<p>Ich kann Ihnen versichern, dass ich mich kritisch mit jeder extremen Richtung auseinander setze, unabh\u00e4ngig davon, ob sie sich politisch weit rechts oder links orientiert. Und ich erlaube mir, mich auch dazu frei und unabh\u00e4ngig zu \u00e4u\u00dfern.<\/p>\n<p>Ansonsten darf ich Sie, Herr Senge, freundlichst darauf hinweisen, dass auch f\u00fcr Gr\u00fcne und Sozialdemokraten der Artikel 5 Grundgesetz uneingeschr\u00e4nkte G\u00fcltigkeit hat.<\/p>\n<p>Mit besten sozialdemokratischen Gr\u00fc\u00dfen<br \/>\ngez. Heinz-J\u00fcrgen Lipke<\/p>\n","protected":false},"excerpt":{"rendered":"<p>J\u00fcrgen Lipke, stellvertretender Vorsitzender der SPD-Ratsfraktion In Meschede, hat mit einem Offenen Brief auf die schriftlichen \u00c4u\u00dferungen und Vorw\u00fcrfe des MbZ-Ratsherrn Jochen Senge reagiert. Der zugrunde liegende Brief von Jochen &hellip; <a href=\"https:\/\/www.schiebener.net\/wordpress\/dokumentiert-offener-brief-an-den-mbz-ratsherrn-jochen-senge\/\" class=\"more-link\"><span class=\"screen-reader-text\">\u201eDokumentiert: Offener Brief an den MbZ-Ratsherrn Jochen Senge\u201c <\/span>weiterlesen<\/a><\/p>\n","protected":false},"author":3,"featured_media":0,"comment_status":"open","ping_status":"open","sticky":false,"template":"","format":"standard","meta":{"footnotes":""},"categories":[80,24],"tags":[2013,2394,1523,264],"class_list":["post-11210","post","type-post","status-publish","format-standard","hentry","category-lokales","category-politik","tag-jochen-senge","tag-jurgen-lipke","tag-mbz","tag-meschede"],"_links":{"self":[{"href":"https:\/\/www.schiebener.net\/wordpress\/wp-json\/wp\/v2\/posts\/11210","targetHints":{"allow":["GET"]}}],"collection":[{"href":"https:\/\/www.schiebener.net\/wordpress\/wp-json\/wp\/v2\/posts"}],"about":[{"href":"https:\/\/www.schiebener.net\/wordpress\/wp-json\/wp\/v2\/types\/post"}],"author":[{"embeddable":true,"href":"https:\/\/www.schiebener.net\/wordpress\/wp-json\/wp\/v2\/users\/3"}],"replies":[{"embeddable":true,"href":"https:\/\/www.schiebener.net\/wordpress\/wp-json\/wp\/v2\/comments?post=11210"}],"version-history":[{"count":0,"href":"https:\/\/www.schiebener.net\/wordpress\/wp-json\/wp\/v2\/posts\/11210\/revisions"}],"wp:attachment":[{"href":"https:\/\/www.schiebener.net\/wordpress\/wp-json\/wp\/v2\/media?parent=11210"}],"wp:term":[{"taxonomy":"category","embeddable":true,"href":"https:\/\/www.schiebener.net\/wordpress\/wp-json\/wp\/v2\/categories?post=11210"},{"taxonomy":"post_tag","embeddable":true,"href":"https:\/\/www.schiebener.net\/wordpress\/wp-json\/wp\/v2\/tags?post=11210"}],"curies":[{"name":"wp","href":"https:\/\/api.w.org\/{rel}","templated":true}]}}