{"id":1104,"date":"2008-11-15T20:38:53","date_gmt":"2008-11-15T19:38:53","guid":{"rendered":"http:\/\/www.schiebener.net\/wordpress\/?p=1104"},"modified":"2008-11-15T21:01:51","modified_gmt":"2008-11-15T20:01:51","slug":"taz-will-ex-beziehungen-aufwarmen","status":"publish","type":"post","link":"https:\/\/www.schiebener.net\/wordpress\/taz-will-ex-beziehungen-aufwarmen\/","title":{"rendered":"taz will Ex-Beziehungen aufw\u00e4rmen"},"content":{"rendered":"<p>Bettina Gaus schreibt mir heute einen Brief und fragt:<\/p>\n<blockquote><p>&#8222;Liebe Leserin, lieber Leser, warum h\u00f6rt jemand auf, eine Zeitung zu lesen, die er oder sie fr\u00fcher einmal gekauft hat? Sie alle, die Sie diesen Brief bekommen, haben etwas gemeinsam: Sie haben die <a href=\"http:\/\/www.taz.de\" target=\"_blank\">taz <\/a>fr\u00fcher gelesen und tun das heute nicht mehr&#8230;&#8220;<\/p><\/blockquote>\n<h5 class=\"mceTemp\">\n<dl id=\"attachment_1105\" class=\"wp-caption alignnone\" style=\"width: 310px;\">\n<dt class=\"wp-caption-dt\"><a href=\"http:\/\/www.schiebener.net\/wordpress\/wp-content\/uploads\/2008\/11\/taz01.jpg\" target=\"_blank\"><img loading=\"lazy\" decoding=\"async\" class=\"size-medium wp-image-1105\" title=\"taz: Reklame\" src=\"http:\/\/www.schiebener.net\/wordpress\/wp-content\/uploads\/2008\/11\/taz01-300x225.jpg\" alt=\"taz macht Reklame\" width=\"300\" height=\"225\" srcset=\"https:\/\/www.schiebener.net\/wordpress\/wp-content\/uploads\/2008\/11\/taz01-300x225.jpg 300w, https:\/\/www.schiebener.net\/wordpress\/wp-content\/uploads\/2008\/11\/taz01.jpg 800w\" sizes=\"auto, (max-width: 300px) 85vw, 300px\" \/><\/a><\/dt>\n<dd class=\"wp-caption-dd\">taz macht Reklame<\/dd>\n<\/dl>\n<\/h5>\n<p>Sie hat mich noch in Ihrer Datei ;-&gt;<\/p>\n<p>Und sie verspricht mir eine Espressomaschine Saeco (ohne Zuzahlung) oder das tazrad color in melonengelb, rubinrot, cremewei\u00df, tieforange, lichtblau oder schwarz mit Hebie Chainglider und Pletscher Zoom St\u00e4nder (Zuzahlung 250 Euro). Und ich bin schon fast hingerissen, aber dann &#8211; halt! Wie war das noch mit meinen Zeitungsabonnements?<\/p>\n<p>Damals taz abonniert: nach und nach stellt die taz ihre Lokalberichterstattung ein.<\/p>\n<p><a href=\"http:\/\/www.fr-online.de\/\" target=\"_blank\">fr <\/a>abonniert: fr entl\u00e4sst so lange bis die Rechtschreibefehler auch auf der ersten Seite nicht mehr zu \u00fcberlesen sind.<\/p>\n<p><a href=\"http:\/\/www.sueddeutsche.de\/\" target=\"_blank\">SZ<\/a> abonniert: siehe <a href=\"http:\/\/www.schiebener.net\/wordpress\/?p=1098\" target=\"_blank\">hier im Blog.<\/a><\/p>\n<p>Nee, liebe Bettina Gaus ich erspare Ihrer Zeitung den vorzeitigen Niedergang, indem ich erst einmal bei der SZ bleibe, bis <a href=\"http:\/\/www.henryk-broder.de\/html\/schm_winkler.html\" target=\"_blank\">Willi Winkler<\/a> dort rausfliegt. Dann k\u00f6nnen wir uns noch einmal unterhalten. Und dann schreiben Sie bitte nicht so unpers\u00f6nlich &#8222;Lieber Leser&#8220;. Auf die beiliegende Abo-Karte konnten Sie doch auch meinen Namen draufdrucken. Im Brief geht das mit der Serienbrief-Funktion. Dann w\u00fcnsche ich mir eine Anrede wie:<\/p>\n<p>Hannes, altes Haus, Revoluzzer, Lampenputzer, wei\u00dft du noch wie du mir damals im &#8222;L\u00f6wenzahn&#8220; die taz aus der Hand gerissen hast? (h\u00f6r&#8216; auf zu schleimen, der s\u00e4zzer) Frisch aus der Presse, irgendwann zwischen 23 Uhr und dem dritten Bier &#8230; usw, bla, bla bla &#8230;. Da haben wir uns alle noch geduzt. Aber vielleicht ist &#8222;Sie&#8220; auch besser, wegen der Distanz.<\/p>\n","protected":false},"excerpt":{"rendered":"<p>Bettina Gaus schreibt mir heute einen Brief und fragt: &#8222;Liebe Leserin, lieber Leser, warum h\u00f6rt jemand auf, eine Zeitung zu lesen, die er oder sie fr\u00fcher einmal gekauft hat? Sie &hellip; <a href=\"https:\/\/www.schiebener.net\/wordpress\/taz-will-ex-beziehungen-aufwarmen\/\" class=\"more-link\"><span class=\"screen-reader-text\">\u201etaz will Ex-Beziehungen aufw\u00e4rmen\u201c <\/span>weiterlesen<\/a><\/p>\n","protected":false},"author":3,"featured_media":0,"comment_status":"open","ping_status":"open","sticky":false,"template":"","format":"standard","meta":{"footnotes":""},"categories":[32],"tags":[251,253,252],"class_list":["post-1104","post","type-post","status-publish","format-standard","hentry","category-medien","tag-taz","tag-willi-winkler","tag-zeitungskrise"],"_links":{"self":[{"href":"https:\/\/www.schiebener.net\/wordpress\/wp-json\/wp\/v2\/posts\/1104","targetHints":{"allow":["GET"]}}],"collection":[{"href":"https:\/\/www.schiebener.net\/wordpress\/wp-json\/wp\/v2\/posts"}],"about":[{"href":"https:\/\/www.schiebener.net\/wordpress\/wp-json\/wp\/v2\/types\/post"}],"author":[{"embeddable":true,"href":"https:\/\/www.schiebener.net\/wordpress\/wp-json\/wp\/v2\/users\/3"}],"replies":[{"embeddable":true,"href":"https:\/\/www.schiebener.net\/wordpress\/wp-json\/wp\/v2\/comments?post=1104"}],"version-history":[{"count":0,"href":"https:\/\/www.schiebener.net\/wordpress\/wp-json\/wp\/v2\/posts\/1104\/revisions"}],"wp:attachment":[{"href":"https:\/\/www.schiebener.net\/wordpress\/wp-json\/wp\/v2\/media?parent=1104"}],"wp:term":[{"taxonomy":"category","embeddable":true,"href":"https:\/\/www.schiebener.net\/wordpress\/wp-json\/wp\/v2\/categories?post=1104"},{"taxonomy":"post_tag","embeddable":true,"href":"https:\/\/www.schiebener.net\/wordpress\/wp-json\/wp\/v2\/tags?post=1104"}],"curies":[{"name":"wp","href":"https:\/\/api.w.org\/{rel}","templated":true}]}}