{"id":11020,"date":"2011-01-30T00:07:14","date_gmt":"2011-01-29T23:07:14","guid":{"rendered":"http:\/\/www.schiebener.net\/wordpress\/?p=11020"},"modified":"2011-01-30T00:07:14","modified_gmt":"2011-01-29T23:07:14","slug":"umleitung-geruchte-um-rundschau-und-wp-gespenst-des-kommunismus-schwarz-gelbe-furcht-vor-dem-burger-und-kommunalfinanzen","status":"publish","type":"post","link":"https:\/\/www.schiebener.net\/wordpress\/umleitung-geruchte-um-rundschau-und-wp-gespenst-des-kommunismus-schwarz-gelbe-furcht-vor-dem-burger-und-kommunalfinanzen\/","title":{"rendered":"Umleitung: Ger\u00fcchte um Rundschau und WP, Gespenst des Kommunismus, Schwarz-Gelbe Furcht vor dem B\u00fcrger und Kommunalfinanzen."},"content":{"rendered":"<p><img loading=\"lazy\" decoding=\"async\" class=\"alignleft size-full wp-image-2311\" title=\"umleitung\" src=\"http:\/\/www.schiebener.net\/wordpress\/wp-content\/uploads\/2009\/02\/umleitung.gif\" alt=\"umleitung\" width=\"110\" height=\"28\" \/><strong>Irre Ger\u00fcchte oder Rauch mit Feuer?<\/strong> &#8222;Rundschau und Westfalenpost werden S\u00fcdwestfalen k\u00fcnftig gemeinsam von  einem zentralen Newsdesk in Bathey aus beackern. Der ND in L\u00fcdenscheid  wird aufgegeben&#8220; &#8230; <a href=\"http:\/\/www.medienmoral-nrw.de\/2011\/01\/kommt-die-wp-nun-doch-an-den-desk\/#comment-36526\" target=\"_blank\">medienmoral<\/a><\/p>\n<p><strong>Paradise lost:<\/strong> Aus dem Gespenst des Kommunismus, das einstmals in Europa umging, ist das Gesp\u00f6tt des Kommunismus geworden &#8230; <a href=\"http:\/\/www.misik.at\/texte-aus-der-taz-berlin\/paradise-lost.php#more\" target=\"_blank\">Misik <\/a><\/p>\n<p><strong>Schwarz-Gelb f\u00fcrchtet zu viel Demokratie:<\/strong> Internet-Enquete des Bundestages muss Projekt zur elektronischen B\u00fcrgerbeteiligung stoppen &#8230; <a href=\"http:\/\/www.neues-deutschland.de\/artikel\/189590.achtzehnter-sachverstaendiger-ausgebootet.html\" target=\"_blank\">nd<\/a><\/p>\n<p><strong>Bundestag:<\/strong> Schlagabtausch um Kommunalfinanzen &#8230; <a href=\"http:\/\/doppelwacholder.wordpress.com\/2011\/01\/29\/bundestag-schlagabtausch-um-kommunalfinanzen\/\" target=\"_blank\">doppelwacholder<\/a><\/p>\n","protected":false},"excerpt":{"rendered":"<p>Irre Ger\u00fcchte oder Rauch mit Feuer? &#8222;Rundschau und Westfalenpost werden S\u00fcdwestfalen k\u00fcnftig gemeinsam von einem zentralen Newsdesk in Bathey aus beackern. Der ND in L\u00fcdenscheid wird aufgegeben&#8220; &#8230; medienmoral Paradise &hellip; <a href=\"https:\/\/www.schiebener.net\/wordpress\/umleitung-geruchte-um-rundschau-und-wp-gespenst-des-kommunismus-schwarz-gelbe-furcht-vor-dem-burger-und-kommunalfinanzen\/\" class=\"more-link\"><span class=\"screen-reader-text\">\u201eUmleitung: Ger\u00fcchte um Rundschau und WP, Gespenst des Kommunismus, Schwarz-Gelbe Furcht vor dem B\u00fcrger und Kommunalfinanzen.\u201c <\/span>weiterlesen<\/a><\/p>\n","protected":false},"author":3,"featured_media":0,"comment_status":"open","ping_status":"open","sticky":false,"template":"","format":"standard","meta":{"footnotes":""},"categories":[80,32,46,24,379,1208],"tags":[2366,1742,2260,1056,885,340],"class_list":["post-11020","post","type-post","status-publish","format-standard","hentry","category-lokales","category-medien","category-philosophie","category-politik","category-umleitung","category-wirtschaft","tag-burgerbeteiligung","tag-kommunalfinanzen","tag-kommunismus","tag-schwarz-gelb","tag-westfalische-rundschau","tag-westfalenpost"],"_links":{"self":[{"href":"https:\/\/www.schiebener.net\/wordpress\/wp-json\/wp\/v2\/posts\/11020","targetHints":{"allow":["GET"]}}],"collection":[{"href":"https:\/\/www.schiebener.net\/wordpress\/wp-json\/wp\/v2\/posts"}],"about":[{"href":"https:\/\/www.schiebener.net\/wordpress\/wp-json\/wp\/v2\/types\/post"}],"author":[{"embeddable":true,"href":"https:\/\/www.schiebener.net\/wordpress\/wp-json\/wp\/v2\/users\/3"}],"replies":[{"embeddable":true,"href":"https:\/\/www.schiebener.net\/wordpress\/wp-json\/wp\/v2\/comments?post=11020"}],"version-history":[{"count":0,"href":"https:\/\/www.schiebener.net\/wordpress\/wp-json\/wp\/v2\/posts\/11020\/revisions"}],"wp:attachment":[{"href":"https:\/\/www.schiebener.net\/wordpress\/wp-json\/wp\/v2\/media?parent=11020"}],"wp:term":[{"taxonomy":"category","embeddable":true,"href":"https:\/\/www.schiebener.net\/wordpress\/wp-json\/wp\/v2\/categories?post=11020"},{"taxonomy":"post_tag","embeddable":true,"href":"https:\/\/www.schiebener.net\/wordpress\/wp-json\/wp\/v2\/tags?post=11020"}],"curies":[{"name":"wp","href":"https:\/\/api.w.org\/{rel}","templated":true}]}}