{"id":10975,"date":"2011-01-26T15:38:21","date_gmt":"2011-01-26T14:38:21","guid":{"rendered":"http:\/\/www.schiebener.net\/wordpress\/?p=10975"},"modified":"2011-01-26T15:48:05","modified_gmt":"2011-01-26T14:48:05","slug":"spd-sudwestfalen-keine-erdgasbohrungen-ohne-burgerbeteiligung","status":"publish","type":"post","link":"https:\/\/www.schiebener.net\/wordpress\/spd-sudwestfalen-keine-erdgasbohrungen-ohne-burgerbeteiligung\/","title":{"rendered":"SPD S\u00fcdwestfalen: Keine Erdgasbohrungen ohne B\u00fcrgerbeteiligung"},"content":{"rendered":"<p><a href=\"http:\/\/www.schiebener.net\/wordpress\/wp-content\/uploads\/2011\/01\/spdhskbollermann.jpg\" target=\"_blank\"><img loading=\"lazy\" decoding=\"async\" class=\"alignleft size-full wp-image-10976\" title=\"spdhskbollermann\" src=\"http:\/\/www.schiebener.net\/wordpress\/wp-content\/uploads\/2011\/01\/spdhskbollermann.jpg\" alt=\"spdhskbollermann\" width=\"254\" height=\"113\" srcset=\"https:\/\/www.schiebener.net\/wordpress\/wp-content\/uploads\/2011\/01\/spdhskbollermann.jpg 530w, https:\/\/www.schiebener.net\/wordpress\/wp-content\/uploads\/2011\/01\/spdhskbollermann-300x133.jpg 300w\" sizes=\"auto, (max-width: 254px) 85vw, 254px\" \/><\/a><strong>Arnsberg. (<a href=\"http:\/\/www.hsk-spd.de\/index.php?nr=35856&amp;menu=13\" target=\"_blank\">spd<\/a>) In einer gemeinsamen Sitzung mit dem Regierungspr\u00e4sidenten Dr. Gerd Bollermann setzten sich die Fraktionsvorst\u00e4nde der f\u00fcnf s\u00fcdwestf\u00e4lischen SPD- Kreistagsfraktionen zusammen mit der SPD- Regionalratsfraktion daf\u00fcr ein, dass die bergrechtlichen Genehmigungsverfahren zur Suche nach und Gewinnung von Erdgas mit einer formellen B\u00fcrgerbeteiligung versehen werden.<\/strong><\/p>\n<p>\u00e2\u20ac\u017eEs kann nicht sein, dass es im ganzen Verfahren, bis hin zum Abbau nie zu einer echten B\u00fcrgerbeteiligung kommt. Eine durch das Unternehmen selbst durchgef\u00fchrte Informationsveranstaltung reicht bei Weitem nicht aus, um den Belangen der B\u00fcrgerinnen und B\u00fcrger und ihrer Angst vor erheblichen Umwelt- und Trinkwassergef\u00e4hrdungen Rechnung zu tragen\u00e2\u20ac\u0153, bekr\u00e4ftigte\u00a0 der Vorsitzende der SPD- Kreistagfraktion Hans Walter Schneider aus Winterberg.<\/p>\n<p><strong>\u00d6ffentliche Auslegung mit Einwendungsm\u00f6glichkeiten<\/strong><br \/>\nNeben der schon jetzt vorgesehenen Beteiligung der Beh\u00f6rden m\u00fcsse beispielsweise eine \u00f6ffentliche Auslegung stattfinden, bei der die B\u00fcrgerinnen und B\u00fcrger eine echte Einwendungsbefugnis h\u00e4tten, vergleichbar mit anderen Planungsverfahren, in denen das schon immer so laufe.<\/p>\n<p><strong>Antragsverfahren im M\u00fcnsterland. Weitere Claims sind schon abgesteckt.<\/strong><br \/>\nZurzeit ist bei der Bezirksregierung Arnsberg als landesweit zust\u00e4ndiger Bergbaubeh\u00f6rde das Antragsverfahren eines privaten Energieunternehmens zur Genehmigung einer Erdgasprobebohrung im Raum Nordwalde im M\u00fcnsterland anh\u00e4ngig. Weitere Erkundungsbohrungen sind bei Borken und Drensteinfurt angedacht. Auch im Bereiche der Kreise Soest, M\u00e4rkischer Kreis, Hochsauerlandkreis und Olpe sind bereits sogenannte Claims abgesteckt, in denen es eventuell zu Erkundungsbohrungen und damit zu einer sp\u00e4teren Erdgasgewinnung kommen kann. Wegen m\u00f6glicher Umweltbelastungen und einer m\u00f6glichen Gef\u00e4hrdung des Grundwassers beim Abbau von Erdgas war es zu kontroversen Diskussionen in der \u00d6ffentlichkeit gekommen.<\/p>\n<p><strong>B\u00fcrgerbeteiligung gefordert<\/strong><br \/>\n\u00e2\u20ac\u017eDie nordrhein- westf\u00e4lische Landesregierung muss sich beim Bundesgesetzgeber, der f\u00fcr den Bergbau zust\u00e4ndig ist daf\u00fcr einsetzen, dass eine umfassende B\u00fcrgerbeteiligung in die gesetzlichen Vorschriften aufgenommen wird. Daher begr\u00fc\u00dfen wir ausdr\u00fccklich die Initiative des Regierungspr\u00e4sidenten zur \u00dcberarbeitung des Bergrechts\u00e2\u20ac\u0153, \u00e4u\u00dferte der Fraktionsvorsitzende der SPD- Regionalratsfraktion Wolfgang Ewald aus dem M\u00e4rkischen Kreis. \u00e2\u20ac\u017eEinen entsprechenden Appell werden wir in der n\u00e4chsten Sitzung des Regionalrates zur Abstimmung stellen.\u00e2\u20ac\u0153<\/p>\n","protected":false},"excerpt":{"rendered":"<p>Arnsberg. (spd) In einer gemeinsamen Sitzung mit dem Regierungspr\u00e4sidenten Dr. Gerd Bollermann setzten sich die Fraktionsvorst\u00e4nde der f\u00fcnf s\u00fcdwestf\u00e4lischen SPD- Kreistagsfraktionen zusammen mit der SPD- Regionalratsfraktion daf\u00fcr ein, dass die &hellip; <a href=\"https:\/\/www.schiebener.net\/wordpress\/spd-sudwestfalen-keine-erdgasbohrungen-ohne-burgerbeteiligung\/\" class=\"more-link\"><span class=\"screen-reader-text\">\u201eSPD S\u00fcdwestfalen: Keine Erdgasbohrungen ohne B\u00fcrgerbeteiligung\u201c <\/span>weiterlesen<\/a><\/p>\n","protected":false},"author":17,"featured_media":0,"comment_status":"open","ping_status":"open","sticky":false,"template":"","format":"standard","meta":{"footnotes":""},"categories":[303,80,24,1043,549],"tags":[2180],"class_list":["post-10975","post","type-post","status-publish","format-standard","hentry","category-in-unserem-briefkasten","category-lokales","category-politik","category-pressemitteilungen","category-umwelt","tag-erdgas"],"_links":{"self":[{"href":"https:\/\/www.schiebener.net\/wordpress\/wp-json\/wp\/v2\/posts\/10975","targetHints":{"allow":["GET"]}}],"collection":[{"href":"https:\/\/www.schiebener.net\/wordpress\/wp-json\/wp\/v2\/posts"}],"about":[{"href":"https:\/\/www.schiebener.net\/wordpress\/wp-json\/wp\/v2\/types\/post"}],"author":[{"embeddable":true,"href":"https:\/\/www.schiebener.net\/wordpress\/wp-json\/wp\/v2\/users\/17"}],"replies":[{"embeddable":true,"href":"https:\/\/www.schiebener.net\/wordpress\/wp-json\/wp\/v2\/comments?post=10975"}],"version-history":[{"count":0,"href":"https:\/\/www.schiebener.net\/wordpress\/wp-json\/wp\/v2\/posts\/10975\/revisions"}],"wp:attachment":[{"href":"https:\/\/www.schiebener.net\/wordpress\/wp-json\/wp\/v2\/media?parent=10975"}],"wp:term":[{"taxonomy":"category","embeddable":true,"href":"https:\/\/www.schiebener.net\/wordpress\/wp-json\/wp\/v2\/categories?post=10975"},{"taxonomy":"post_tag","embeddable":true,"href":"https:\/\/www.schiebener.net\/wordpress\/wp-json\/wp\/v2\/tags?post=10975"}],"curies":[{"name":"wp","href":"https:\/\/api.w.org\/{rel}","templated":true}]}}