{"id":1084,"date":"2008-11-15T11:46:21","date_gmt":"2008-11-15T10:46:21","guid":{"rendered":"http:\/\/www.schiebener.net\/wordpress\/?p=1084"},"modified":"2008-11-15T15:18:32","modified_gmt":"2008-11-15T14:18:32","slug":"grau-grun-und-grose-weihnachtsbaume","status":"publish","type":"post","link":"https:\/\/www.schiebener.net\/wordpress\/grau-grun-und-grose-weihnachtsbaume\/","title":{"rendered":"Grau, Gr\u00fcn und gro\u00dfe Weihnachtsb\u00e4ume"},"content":{"rendered":"<p>W\u00e4hrend sich auf dem <a href=\"http:\/\/www.gruene.de\/cms\/default\/rubrik\/0\/3.htm\" target=\"_blank\">Parteitag der Gr\u00fcnen in Erfurt<\/a> f\u00fcnf SzenebloggerInnen auf Einladung selbiger Partei  redlich bem\u00fchen, dem Vorwurf der Einvernahme entgegenzutippen, leide ich unter einem Arbeits- und Politik-Overkill und laufe, oder wie es neudeutsch hei\u00dft, &#8222;jogge&#8220; durch die Sauerl\u00e4nder Fichtenkulturen und Kyrill-W\u00fcsteneien.<\/p>\n<h5 class=\"mceTemp\">\n<dl id=\"attachment_1086\" class=\"wp-caption alignnone\" style=\"width: 310px;\">\n<dt class=\"wp-caption-dt\"><a href=\"http:\/\/www.schiebener.net\/wordpress\/wp-content\/uploads\/2008\/11\/kahlenberg08.jpg\" target=\"_blank\"><img loading=\"lazy\" decoding=\"async\" class=\"size-medium wp-image-1086\" title=\"Kreuzung im Wald\" src=\"http:\/\/www.schiebener.net\/wordpress\/wp-content\/uploads\/2008\/11\/kahlenberg08-300x225.jpg\" alt=\"Kreuzung im Wald 700 Meter \u00fcber NN\" width=\"300\" height=\"225\" srcset=\"https:\/\/www.schiebener.net\/wordpress\/wp-content\/uploads\/2008\/11\/kahlenberg08-300x225.jpg 300w, https:\/\/www.schiebener.net\/wordpress\/wp-content\/uploads\/2008\/11\/kahlenberg08.jpg 800w\" sizes=\"auto, (max-width: 300px) 85vw, 300px\" \/><\/a><\/dt>\n<dd class=\"wp-caption-dd\" style=\"text-align: center;\">700 Meter \u00fcber NN. <\/dd>\n<\/dl>\n<\/h5>\n<p>Ein Abstecher ins Partei-Gr\u00fcne f\u00fchrt zu den f\u00fcnf BloggerInnen:<\/p>\n<ul>\n<li><a href=\"http:\/\/www.coffeeandtv.de\/\" target=\"_blank\">Lukas Heinser<\/a><\/li>\n<li><a href=\"http:\/\/www.jurblog.de\/\" target=\"_blank\">Ekrem Senol<\/a><\/li>\n<li><a href=\"http:\/\/flannelapparel.blogspot.com\/\" target=\"_blank\">Teresa B\u00fccker<\/a><\/li>\n<li><a href=\"http:\/\/www.regine-heidorn.de\/\" target=\"_blank\">Regine Heidorn<\/a><\/li>\n<li><a href=\"http:\/\/www.pottblog.de\/\" target=\"_blank\">Jens Matheuszik<\/a><\/li>\n<\/ul>\n<p>Grauer Nebel wabbert zwischen den Nadelb\u00e4umen. Einige sehr gro\u00dfe Fichten haben es schon hinter sich und liegen eingewickelt am Wegesrand, harrend auf den Abtransport zu den Weihnachtsm\u00e4rkten des Ruhrgebiets.<\/p>\n<h5 class=\"mceTemp\">\n<dl id=\"attachment_1088\" class=\"wp-caption alignnone\" style=\"width: 310px;\">\n<dt class=\"wp-caption-dt\"><a href=\"http:\/\/www.schiebener.net\/wordpress\/wp-content\/uploads\/2008\/11\/kahlenberg07.jpg\" target=\"_blank\"><img loading=\"lazy\" decoding=\"async\" class=\"size-medium wp-image-1088\" title=\"Gro\u00dfe Weihnachtsb\u00e4ume\" src=\"http:\/\/www.schiebener.net\/wordpress\/wp-content\/uploads\/2008\/11\/kahlenberg07-300x225.jpg\" alt=\"Jetzt kann mensch schon wieder an Ostern denken.\" width=\"300\" height=\"225\" srcset=\"https:\/\/www.schiebener.net\/wordpress\/wp-content\/uploads\/2008\/11\/kahlenberg07-300x225.jpg 300w, https:\/\/www.schiebener.net\/wordpress\/wp-content\/uploads\/2008\/11\/kahlenberg07.jpg 800w\" sizes=\"auto, (max-width: 300px) 85vw, 300px\" \/><\/a><\/dt>\n<dd class=\"wp-caption-dd\">\n<h5>Jetzt kann mensch schon wieder an Ostern denken.<\/h5>\n<\/dd>\n<\/dl>\n<\/h5>\n<p>Die Einladung der f\u00fcnf BloggerInnen hat <a href=\"http:\/\/www.ruhrbarone.de\/die-grune-partei-will-blogger-kaufen\/\" target=\"_blank\">in der Szene ein Pl\u00e4tschern der Emp\u00f6rung<\/a> ausgel\u00f6st. Da ich aber heute nichts Politisches schreiben will, h\u00f6re ich jetzt auf.<\/p>\n","protected":false},"excerpt":{"rendered":"<p>W\u00e4hrend sich auf dem Parteitag der Gr\u00fcnen in Erfurt f\u00fcnf SzenebloggerInnen auf Einladung selbiger Partei redlich bem\u00fchen, dem Vorwurf der Einvernahme entgegenzutippen, leide ich unter einem Arbeits- und Politik-Overkill und &hellip; <a href=\"https:\/\/www.schiebener.net\/wordpress\/grau-grun-und-grose-weihnachtsbaume\/\" class=\"more-link\"><span class=\"screen-reader-text\">\u201eGrau, Gr\u00fcn und gro\u00dfe Weihnachtsb\u00e4ume\u201c <\/span>weiterlesen<\/a><\/p>\n","protected":false},"author":3,"featured_media":0,"comment_status":"open","ping_status":"open","sticky":false,"template":"","format":"standard","meta":{"footnotes":""},"categories":[174,80,32,24],"tags":[250,248,164,158,249],"class_list":["post-1084","post","type-post","status-publish","format-standard","hentry","category-dit-und-dat","category-lokales","category-medien","category-politik","tag-bloggerinnen","tag-fichten","tag-grune","tag-kahlenberg","tag-weihnachtsbaume"],"_links":{"self":[{"href":"https:\/\/www.schiebener.net\/wordpress\/wp-json\/wp\/v2\/posts\/1084","targetHints":{"allow":["GET"]}}],"collection":[{"href":"https:\/\/www.schiebener.net\/wordpress\/wp-json\/wp\/v2\/posts"}],"about":[{"href":"https:\/\/www.schiebener.net\/wordpress\/wp-json\/wp\/v2\/types\/post"}],"author":[{"embeddable":true,"href":"https:\/\/www.schiebener.net\/wordpress\/wp-json\/wp\/v2\/users\/3"}],"replies":[{"embeddable":true,"href":"https:\/\/www.schiebener.net\/wordpress\/wp-json\/wp\/v2\/comments?post=1084"}],"version-history":[{"count":0,"href":"https:\/\/www.schiebener.net\/wordpress\/wp-json\/wp\/v2\/posts\/1084\/revisions"}],"wp:attachment":[{"href":"https:\/\/www.schiebener.net\/wordpress\/wp-json\/wp\/v2\/media?parent=1084"}],"wp:term":[{"taxonomy":"category","embeddable":true,"href":"https:\/\/www.schiebener.net\/wordpress\/wp-json\/wp\/v2\/categories?post=1084"},{"taxonomy":"post_tag","embeddable":true,"href":"https:\/\/www.schiebener.net\/wordpress\/wp-json\/wp\/v2\/tags?post=1084"}],"curies":[{"name":"wp","href":"https:\/\/api.w.org\/{rel}","templated":true}]}}