{"id":10815,"date":"2011-01-15T18:21:26","date_gmt":"2011-01-15T17:21:26","guid":{"rendered":"http:\/\/www.schiebener.net\/wordpress\/?p=10815"},"modified":"2011-01-15T21:54:13","modified_gmt":"2011-01-15T20:54:13","slug":"suddeutsche-zeitung-und-deutsche-bahn-feuchtgebiete","status":"publish","type":"post","link":"https:\/\/www.schiebener.net\/wordpress\/suddeutsche-zeitung-und-deutsche-bahn-feuchtgebiete\/","title":{"rendered":"S\u00fcddeutsche Zeitung und Deutsche Bahn: Feuchtgebiete"},"content":{"rendered":"<figure id=\"attachment_10816\" aria-describedby=\"caption-attachment-10816\" style=\"width: 246px\" class=\"wp-caption alignleft\"><img loading=\"lazy\" decoding=\"async\" class=\"size-full wp-image-10816  \" title=\"vibrator20110115\" src=\"http:\/\/www.schiebener.net\/wordpress\/wp-content\/uploads\/2011\/01\/vibrator20110115.jpg\" alt=\"S\u00fcddeutsche Zeitung entdeckt Feuchtgebiete bei der Deutschen Bahn. SZ von heute. Panorama.\" width=\"246\" height=\"278\" \/><figcaption id=\"caption-attachment-10816\" class=\"wp-caption-text\">S\u00fcddeutsche Zeitung (15. Januar) entdeckt Feuchtgebiete bei der Deutschen Bahn.<\/figcaption><\/figure>\n<p>Was hat die Qualit\u00e4tszeitung meiner Wahl veranlasst einen Artikel wie diesen (siehe links) auf ihrer Panorama-Seite f\u00fcr den heutigen Familien-Samstag abzudrucken?<\/p>\n<p>Ich bin nicht pr\u00fcde, aber eigentlich kaufe ich mir die SZ nicht wegen solcher Geschichten.<\/p>\n<p>Wie der Quellenhinweis zeigt, handelt es sich auch keineswegs um eine Exklusiv-Recherche ihres bekannten Enth\u00fcllungsjournalisten H. L.<\/p>\n<p>Oder ist meine Fr\u00fchst\u00fcckszeitung etwa ein Joint-Venture mit der Deutschen Bahn eingegangen? Erhoffen sich die Betreiber mehr Fahrg\u00e4ste auf der Strecke W\u00fcrzburg &#8211; Bad Kissingen?<\/p>\n<p>Auf welchen Strecken wird die Dame nach erfolgreichem Abschluss des Probelaufs eingesetzt?<\/p>\n<p>Fragen \u00fcber Fragen &#8230;<\/p>\n","protected":false},"excerpt":{"rendered":"<p>Was hat die Qualit\u00e4tszeitung meiner Wahl veranlasst einen Artikel wie diesen (siehe links) auf ihrer Panorama-Seite f\u00fcr den heutigen Familien-Samstag abzudrucken? Ich bin nicht pr\u00fcde, aber eigentlich kaufe ich mir &hellip; <a href=\"https:\/\/www.schiebener.net\/wordpress\/suddeutsche-zeitung-und-deutsche-bahn-feuchtgebiete\/\" class=\"more-link\"><span class=\"screen-reader-text\">\u201eS\u00fcddeutsche Zeitung und Deutsche Bahn: Feuchtgebiete\u201c <\/span>weiterlesen<\/a><\/p>\n","protected":false},"author":3,"featured_media":0,"comment_status":"open","ping_status":"open","sticky":false,"template":"","format":"standard","meta":{"footnotes":""},"categories":[174,32,524,648],"tags":[434,200,2309],"class_list":["post-10815","post","type-post","status-publish","format-standard","hentry","category-dit-und-dat","category-medien","category-unirdisches","category-was-tun-gegen-langweile","tag-deutsche-bahn","tag-suddeutsche-zeitung","tag-vibrator"],"_links":{"self":[{"href":"https:\/\/www.schiebener.net\/wordpress\/wp-json\/wp\/v2\/posts\/10815","targetHints":{"allow":["GET"]}}],"collection":[{"href":"https:\/\/www.schiebener.net\/wordpress\/wp-json\/wp\/v2\/posts"}],"about":[{"href":"https:\/\/www.schiebener.net\/wordpress\/wp-json\/wp\/v2\/types\/post"}],"author":[{"embeddable":true,"href":"https:\/\/www.schiebener.net\/wordpress\/wp-json\/wp\/v2\/users\/3"}],"replies":[{"embeddable":true,"href":"https:\/\/www.schiebener.net\/wordpress\/wp-json\/wp\/v2\/comments?post=10815"}],"version-history":[{"count":0,"href":"https:\/\/www.schiebener.net\/wordpress\/wp-json\/wp\/v2\/posts\/10815\/revisions"}],"wp:attachment":[{"href":"https:\/\/www.schiebener.net\/wordpress\/wp-json\/wp\/v2\/media?parent=10815"}],"wp:term":[{"taxonomy":"category","embeddable":true,"href":"https:\/\/www.schiebener.net\/wordpress\/wp-json\/wp\/v2\/categories?post=10815"},{"taxonomy":"post_tag","embeddable":true,"href":"https:\/\/www.schiebener.net\/wordpress\/wp-json\/wp\/v2\/tags?post=10815"}],"curies":[{"name":"wp","href":"https:\/\/api.w.org\/{rel}","templated":true}]}}