{"id":1075,"date":"2008-11-13T13:42:53","date_gmt":"2008-11-13T12:42:53","guid":{"rendered":"http:\/\/www.schiebener.net\/wordpress\/?p=1075"},"modified":"2008-11-13T13:42:53","modified_gmt":"2008-11-13T12:42:53","slug":"protest-von-munterfering-oder-alles-nur-show-bei-der-waz","status":"publish","type":"post","link":"https:\/\/www.schiebener.net\/wordpress\/protest-von-munterfering-oder-alles-nur-show-bei-der-waz\/","title":{"rendered":"Protest von M\u00fcnterfering? Oder alles nur Show bei der WAZ?"},"content":{"rendered":"<p>M\u00fcntefering protestiert gegen WAZ-Pl\u00e4ne <a href=\"http:\/\/www.tagesspiegel.de\/medien-news\/WAZ;art15532,2659901\" target=\"_blank\">titelt der Berliner Tagesspiegel<\/a>:<\/p>\n<blockquote><p>\u00e2\u20ac\u017eDie SPD muss als Mitbesitzerin Verantwortung \u00fcbernehmen\u00e2\u20ac\u0153, sagt Malte Hinz, \u00e2\u20ac\u017eWR\u00e2\u20ac\u0153-Betriebsratsvorsitzender. Doch mehr als aufmunternde Worte gab\u00e2\u20ac\u2122s von M\u00fcntefering bisher nicht. In seinem Brief stand, dass er \u00e2\u20ac\u017edie Plausibilit\u00e4t der unternehmerischen Entscheidungen nicht im Detail beurteilen\u00e2\u20ac\u0153 k\u00f6nne, aber \u00e2\u20ac\u017eauf eine akzeptable und vom sozialen Denken gepr\u00e4gte L\u00f6sung\u00e2\u20ac\u0153 hoffe. Die beiden Gesch\u00e4ftsf\u00fchrer antworteten prompt per Fax: Die Plausibilit\u00e4t ihrer Entscheidungen erg\u00e4be sich aus den \u00f6konomischen Daten, die von der Beratungsfirma Schickler erarbeitet w\u00fcrden. Diese sei \u00e2\u20ac\u017eh\u00e4ufig f\u00fcr die SPD-Medienholding ddvg\u00e2\u20ac\u0153 t\u00e4tig\u00e2\u20ac\u0153 gewesen, \u00e2\u20ac\u017ezuletzt bei der Sanierung der ,Frankfurter Rundschau\u00e2\u20ac\u2122\u00e2\u20ac\u0153.<\/p><\/blockquote>\n<p><a href=\"http:\/\/www.nachdenkseiten.de\/?p=3589#more-3589\" target=\"_blank\">Kai Ruhsert merkt dazu <\/a>auf den Nachdenkseiten an:<\/p>\n<blockquote><p>&#8222;Der Tagesspiegel hatte den Beitrag mit der \u00dcberschrift \u00e2\u20ac\u017eM\u00fcntefering protestiert gegen WAZ-Pl\u00e4ne\u00e2\u20ac\u0153 versehen. Von einem Protest M\u00fcnteferings ist im Text jedoch keine Rede. Ist das ein Versehen oder Meinungsmache?&#8220;<\/p><\/blockquote>\n","protected":false},"excerpt":{"rendered":"<p>M\u00fcntefering protestiert gegen WAZ-Pl\u00e4ne titelt der Berliner Tagesspiegel: \u00e2\u20ac\u017eDie SPD muss als Mitbesitzerin Verantwortung \u00fcbernehmen\u00e2\u20ac\u0153, sagt Malte Hinz, \u00e2\u20ac\u017eWR\u00e2\u20ac\u0153-Betriebsratsvorsitzender. Doch mehr als aufmunternde Worte gab\u00e2\u20ac\u2122s von M\u00fcntefering bisher nicht. In &hellip; <a href=\"https:\/\/www.schiebener.net\/wordpress\/protest-von-munterfering-oder-alles-nur-show-bei-der-waz\/\" class=\"more-link\"><span class=\"screen-reader-text\">\u201eProtest von M\u00fcnterfering? Oder alles nur Show bei der WAZ?\u201c <\/span>weiterlesen<\/a><\/p>\n","protected":false},"author":3,"featured_media":0,"comment_status":"open","ping_status":"open","sticky":false,"template":"","format":"standard","meta":{"footnotes":""},"categories":[32,24],"tags":[100,101,202],"class_list":["post-1075","post","type-post","status-publish","format-standard","hentry","category-medien","category-politik","tag-muntefering","tag-nachdenkseiten","tag-waz"],"_links":{"self":[{"href":"https:\/\/www.schiebener.net\/wordpress\/wp-json\/wp\/v2\/posts\/1075","targetHints":{"allow":["GET"]}}],"collection":[{"href":"https:\/\/www.schiebener.net\/wordpress\/wp-json\/wp\/v2\/posts"}],"about":[{"href":"https:\/\/www.schiebener.net\/wordpress\/wp-json\/wp\/v2\/types\/post"}],"author":[{"embeddable":true,"href":"https:\/\/www.schiebener.net\/wordpress\/wp-json\/wp\/v2\/users\/3"}],"replies":[{"embeddable":true,"href":"https:\/\/www.schiebener.net\/wordpress\/wp-json\/wp\/v2\/comments?post=1075"}],"version-history":[{"count":0,"href":"https:\/\/www.schiebener.net\/wordpress\/wp-json\/wp\/v2\/posts\/1075\/revisions"}],"wp:attachment":[{"href":"https:\/\/www.schiebener.net\/wordpress\/wp-json\/wp\/v2\/media?parent=1075"}],"wp:term":[{"taxonomy":"category","embeddable":true,"href":"https:\/\/www.schiebener.net\/wordpress\/wp-json\/wp\/v2\/categories?post=1075"},{"taxonomy":"post_tag","embeddable":true,"href":"https:\/\/www.schiebener.net\/wordpress\/wp-json\/wp\/v2\/tags?post=1075"}],"curies":[{"name":"wp","href":"https:\/\/api.w.org\/{rel}","templated":true}]}}