{"id":10662,"date":"2011-01-06T21:10:19","date_gmt":"2011-01-06T20:10:19","guid":{"rendered":"http:\/\/www.schiebener.net\/wordpress\/?p=10662"},"modified":"2011-01-06T21:10:19","modified_gmt":"2011-01-06T20:10:19","slug":"tauwetter-aber-ungemutlich-mit-sturmboen-und-ergiebigem-regen","status":"publish","type":"post","link":"https:\/\/www.schiebener.net\/wordpress\/tauwetter-aber-ungemutlich-mit-sturmboen-und-ergiebigem-regen\/","title":{"rendered":"Tauwetter, aber ungem\u00fctlich mit Sturmb\u00f6en und ergiebigem Regen."},"content":{"rendered":"<figure id=\"attachment_10663\" aria-describedby=\"caption-attachment-10663\" style=\"width: 192px\" class=\"wp-caption alignleft\"><img loading=\"lazy\" decoding=\"async\" class=\"size-full wp-image-10663 \" title=\"wetter2011010601\" src=\"http:\/\/www.schiebener.net\/wordpress\/wp-content\/uploads\/2011\/01\/wetter2011010601.jpg\" alt=\"Der Turm auf dem Kahlen Asten heute mittag. Nebel und Tauwetter. (foto: zoom)\" width=\"192\" height=\"256\" srcset=\"https:\/\/www.schiebener.net\/wordpress\/wp-content\/uploads\/2011\/01\/wetter2011010601.jpg 320w, https:\/\/www.schiebener.net\/wordpress\/wp-content\/uploads\/2011\/01\/wetter2011010601-224x300.jpg 224w\" sizes=\"auto, (max-width: 192px) 85vw, 192px\" \/><figcaption id=\"caption-attachment-10663\" class=\"wp-caption-text\">Der Turm auf dem Kahlen Asten heute Mittag. Nebel und Tauwetter. (fotos: zoom)<\/figcaption><\/figure>\n<p><strong>Wir hatten ein paar sch\u00f6ne Schnee- und Sonnentage in Winterberg, doch heute Nacht hat Tauwetter eingesetzt.<\/strong><\/p>\n<p>Vom Eisregen habe ich pers\u00f6nlich nichts gemerkt. Die Stra\u00dfen in und um Winterberg waren heute gut zu befahren. Ohne die Schneedecke sind auf vielen Stra\u00dfen gro\u00dfe Sch\u00e4den, sprich Schlagl\u00f6cher, zu sehen. Aber das ist ein anderes Thema.<\/p>\n<p><strong>Auf dem Kahlen Asten<\/strong><br \/>\nDie Sicht auf dem Kahlen Asten war sehr eingeschr\u00e4nkt. Der dichte, feuchte Nebel tauchte den zweith\u00f6chsten Berg Nordrhein-Westfalens in eine m\u00e4rchenhafte, morbide Atmosph\u00e4re . Ab und an brachen Schnee und Eisbrocken von den B\u00e4umen, aber da keine bemerkenswerter Wind wehte, hielten sich die Schneebruchgefahren in Grenzen.<\/p>\n<figure id=\"attachment_10665\" aria-describedby=\"caption-attachment-10665\" style=\"width: 192px\" class=\"wp-caption alignright\"><img loading=\"lazy\" decoding=\"async\" class=\"size-full wp-image-10665  \" title=\"wetter2011010602\" src=\"http:\/\/www.schiebener.net\/wordpress\/wp-content\/uploads\/2011\/01\/wetter2011010602.jpg\" alt=\"Auf dem Kahlen Asten\" width=\"192\" height=\"144\" srcset=\"https:\/\/www.schiebener.net\/wordpress\/wp-content\/uploads\/2011\/01\/wetter2011010602.jpg 320w, https:\/\/www.schiebener.net\/wordpress\/wp-content\/uploads\/2011\/01\/wetter2011010602-300x225.jpg 300w\" sizes=\"auto, (max-width: 192px) 85vw, 192px\" \/><figcaption id=\"caption-attachment-10665\" class=\"wp-caption-text\">Auf dem Kahlen Asten: m\u00e4rchenhaft-morbide.<\/figcaption><\/figure>\n<p><strong>Es wird st\u00fcrmen<\/strong><br \/>\nDie Gefahrenlage wird sich in den n\u00e4chsten Tagen \u00e4ndern. Der Deutsche Wetterdienst warnt vor Sturmb\u00f6en f\u00fcr den Hochsauerlandkreis. Bei auffrischendem S\u00fcdwind k\u00f6nne es zu einzelnen B\u00f6en der St\u00e4rke 8 kommen.\u00a0 Es k\u00f6nnen einzelne \u00c4ste herabst\u00fcrzen; man solle auf herabfallende Gegenst\u00e4nde achten.<\/p>\n<p><strong>Hochwasser und Stra\u00dfen\u00fcberflutungen<\/strong><br \/>\nWegen der milden Temperaturen, k\u00f6nne der ergiebige Regen in Verbindung mit Schmelzwasser zu Hochwasser an B\u00e4chen und Fl\u00fcssen, sowie Stra\u00dfen\u00fcberflutungen f\u00fchren. (<a href=\"http:\/\/www.dwd.de\/bvbw\/appmanager\/bvbw\/dwdwwwDesktop;jsessionid=QlpSNmLDpJqyKVLRnQ2GH5BN8LTHphygV41w6h8mQPhhbzLRLPnM!1184693005!2076416378?_nfpb=true&amp;_windowLabel=T14600649251144330032285&amp;_urlType=action&amp;_pageLabel=_dwdwww_wetter_warnungen_warnungen&amp;WEEKLY_REPORT_VIEW=false&amp;TIME=x&amp;SHOW_HEIGHT_SEL=true&amp;MAP_VIEW=true&amp;MOVIE_VIEW=false&amp;TABLE_VIEW=false&amp;HEIGHT=x&amp;SHOW_TIME_SEL=true&amp;STATIC_CONTENT_VIEW=false&amp;WARNING_TYPE=0&amp;LAND_CODE=EM\" target=\"_blank\">www.dwd.de<\/a>)<\/p>\n<p><strong>Wetterwarnungen bei der Freiwilligen Feuerwehr Brilon<\/strong><br \/>\nDie <a href=\"http:\/\/www.feuerwehr-brilon.de\/\" target=\"_blank\">Freiwillige Feuerwehr Brilon<\/a> hat ein nettes Modul des Deutschen Wetterdienstes auf ihrer Website eingebunden, welches die allgemeinen Warnungen (<a href=\"http:\/\/www.wettergefahren.de\/\" target=\"_blank\">http:\/\/www.wettergefahren.de\/<\/a>) speziell f\u00fcr unsere Region anzeigt.<\/p>\n","protected":false},"excerpt":{"rendered":"<p>Wir hatten ein paar sch\u00f6ne Schnee- und Sonnentage in Winterberg, doch heute Nacht hat Tauwetter eingesetzt. Vom Eisregen habe ich pers\u00f6nlich nichts gemerkt. Die Stra\u00dfen in und um Winterberg waren &hellip; <a href=\"https:\/\/www.schiebener.net\/wordpress\/tauwetter-aber-ungemutlich-mit-sturmboen-und-ergiebigem-regen\/\" class=\"more-link\"><span class=\"screen-reader-text\">\u201eTauwetter, aber ungem\u00fctlich mit Sturmb\u00f6en und ergiebigem Regen.\u201c <\/span>weiterlesen<\/a><\/p>\n","protected":false},"author":3,"featured_media":0,"comment_status":"open","ping_status":"open","sticky":false,"template":"","format":"standard","meta":{"footnotes":""},"categories":[174,80,549],"tags":[2259,2258,1058,343],"class_list":["post-10662","post","type-post","status-publish","format-standard","hentry","category-dit-und-dat","category-lokales","category-umwelt","tag-dwd","tag-freiwillige-feuerwehr-brilon","tag-kahler-asten","tag-wetter"],"_links":{"self":[{"href":"https:\/\/www.schiebener.net\/wordpress\/wp-json\/wp\/v2\/posts\/10662","targetHints":{"allow":["GET"]}}],"collection":[{"href":"https:\/\/www.schiebener.net\/wordpress\/wp-json\/wp\/v2\/posts"}],"about":[{"href":"https:\/\/www.schiebener.net\/wordpress\/wp-json\/wp\/v2\/types\/post"}],"author":[{"embeddable":true,"href":"https:\/\/www.schiebener.net\/wordpress\/wp-json\/wp\/v2\/users\/3"}],"replies":[{"embeddable":true,"href":"https:\/\/www.schiebener.net\/wordpress\/wp-json\/wp\/v2\/comments?post=10662"}],"version-history":[{"count":0,"href":"https:\/\/www.schiebener.net\/wordpress\/wp-json\/wp\/v2\/posts\/10662\/revisions"}],"wp:attachment":[{"href":"https:\/\/www.schiebener.net\/wordpress\/wp-json\/wp\/v2\/media?parent=10662"}],"wp:term":[{"taxonomy":"category","embeddable":true,"href":"https:\/\/www.schiebener.net\/wordpress\/wp-json\/wp\/v2\/categories?post=10662"},{"taxonomy":"post_tag","embeddable":true,"href":"https:\/\/www.schiebener.net\/wordpress\/wp-json\/wp\/v2\/tags?post=10662"}],"curies":[{"name":"wp","href":"https:\/\/api.w.org\/{rel}","templated":true}]}}