{"id":10572,"date":"2011-01-03T11:44:40","date_gmt":"2011-01-03T10:44:40","guid":{"rendered":"http:\/\/www.schiebener.net\/wordpress\/?p=10572"},"modified":"2013-10-04T21:47:41","modified_gmt":"2013-10-04T19:47:41","slug":"itnrw-legt-neue-studie-zur-demografischen-und-sozialen-entwicklung-in-nordrhein-westfalen-und-seinen-regionen-vor-erhebliche-unterschiede-bei-der-bildungsstruktur","status":"publish","type":"post","link":"https:\/\/www.schiebener.net\/wordpress\/itnrw-legt-neue-studie-zur-demografischen-und-sozialen-entwicklung-in-nordrhein-westfalen-und-seinen-regionen-vor-erhebliche-unterschiede-bei-der-bildungsstruktur\/","title":{"rendered":"IT.NRW legt neue Studie zur demografischen und sozialen Entwicklung in Nordrhein-Westfalen und seinen Regionen vor: Hochsauerlandkreis bei der Abiturquote weit hinten."},"content":{"rendered":"<p><strong><img loading=\"lazy\" decoding=\"async\" class=\"alignleft size-full wp-image-2182\" title=\"In unserem Briefkasten\" alt=\"In unserem Briefkasten\" src=\"http:\/\/www.schiebener.net\/wordpress\/wp-content\/uploads\/2009\/02\/lt_briefkasten01.jpg\" width=\"120\" height=\"91\" \/>D\u00fcsseldorf <abbr title=\"Information und Technik Nordrhein-Westfalen\"><span class=\"abbr\" title=\"Information und Technik Nordrhein-Westfalen\">(<a href=\"http:\/\/www.it.nrw.de\/presse\/pressemitteilungen\/2011\/pres_001_11.html\" target=\"_blank\">IT.NRW<\/a>).<\/span><\/abbr> Die Bev\u00f6lkerungszahl in Nordrhein-Westfalen nimmt ab und die Menschen werden \u00e4lter. Gleichzeitig wird die Bev\u00f6lkerung aber auch vielf\u00e4ltiger, qualifizierter und erwerbsorientierter. Regionale Besonderheiten nehmen zu und die Unterschiede zwischen einzelnen Bev\u00f6lkerungsgruppen werden gr\u00f6\u00dfer.<\/strong><\/p>\n<p>Dies sind die zentralen Ergebnisse der Studie &#8222;<a class=\"sichtbar\" title=\"Link \u00f6ffnet in neuem Fenster\" href=\"https:\/\/webshop.it.nrw.de\/webshop\/details.php?id=16810\" target=\"_blank\">Demografische und soziale Entwicklungen in Nordrhein-Westfalen und seinen Regionen 1999 bis 2009<\/a>&#8222;, die der Landesbetrieb Information und Technik Nordrhein-Westfalen jetzt vorgelegt hat.<\/p>\n<p><strong>Der soziale Wandel hat nicht nur Auswirkungen auf die Verteilung von Ressourcen innerhalb der Gesellschaft, sondern stellt neue Anforderungen an die politischen Akteure und die Gesellschaft insgesamt.<\/strong><\/p>\n<p>Im vorliegenden Bericht wurden die Bev\u00f6lkerungsentwicklung, die Teilhabe am Bildungs- und Erwerbssystem, die durch Erwerbsarbeit erzielten Einkommen sowie die \u00c4nderungen des Zusammenlebens thematisiert. Diese Entwicklungen wurden differenziert nach Frauen und M\u00e4nnern sowie nach Personen mit und ohne Migrationshintergrund betrachtet. Au\u00dferdem wurden Unterschiede zwischen den Regionen herausgearbeitet: Sowohl in Bezug auf die Bev\u00f6lkerungsentwicklung als auch hinsichtlich der Bildungsstruktur, der Erwerbsorientierung und der Arbeitsmarktsituation gibt es in Nordrhein-Westfalen regionale Besonderheiten und Unterschiede zwischen einzelnen Bev\u00f6lkerungsgruppen.<\/p>\n<figure id=\"attachment_10590\" aria-describedby=\"caption-attachment-10590\" style=\"width: 420px\" class=\"wp-caption aligncenter\"><a href=\"http:\/\/www.it.nrw.de\/presse\/pressemitteilungen\/2011\/pdf\/1_11.pdf\" target=\"_blank\"><img loading=\"lazy\" decoding=\"async\" class=\"size-full wp-image-10590\" title=\"abinrw2011\" alt=\"Zur Original-Datei bitte auf das Bild klicken.\" src=\"http:\/\/www.schiebener.net\/wordpress\/wp-content\/uploads\/2011\/01\/abinrw2011.png\" width=\"420\" height=\"461\" srcset=\"https:\/\/www.schiebener.net\/wordpress\/wp-content\/uploads\/2011\/01\/abinrw2011.png 420w, https:\/\/www.schiebener.net\/wordpress\/wp-content\/uploads\/2011\/01\/abinrw2011-273x300.png 273w\" sizes=\"auto, (max-width: 420px) 85vw, 420px\" \/><\/a><figcaption id=\"caption-attachment-10590\" class=\"wp-caption-text\">Zur Original-Datei bitte auf das Bild klicken.<\/figcaption><\/figure>\n<p><strong>Erhebliche Unterschiede zeigen sich beispielsweise bei der Bildungsstruktur:<\/strong> Die Abiturientenquote (Anteil von Schulabg\u00e4ngern mit Fachhochschul- und Hochschulreife an allen Schulabg\u00e4ngern von allgemeinbildenden Schulen) war 2009 in den kreisfreien St\u00e4dten h\u00f6her als in den Kreisen. F\u00fchrend war die Stadt Bonn, wo die Abiturientenquote bei 51,2\u00a0Prozent lag, gefolgt von M\u00fcnster (46,6\u00a0Prozent) und Leverkusen (44,1\u00a0Prozent) &#8211; die niedrigsten Werte ergeben sich f\u00fcr die Kreise Borken (23,2 Prozent) und Kleve (24,4\u00a0Prozent). Die Studie &#8222;Demografische und soziale Entwicklungen in Nordrhein-Westfalen und seinen Regionen 1999 bis 2009&#8220; steht <a class=\"sichtbar\" title=\"Link \u00f6ffnet in neuem Fenster\" href=\"https:\/\/webshop.it.nrw.de\/webshop\/details.php?id=16810\" target=\"_blank\">hier zum kostenlosen Download<\/a> zur Verf\u00fcgung. <abbr title=\"Information und Technik Nordrhein-Westfalen\"><\/abbr><\/p>\n","protected":false},"excerpt":{"rendered":"<p>D\u00fcsseldorf (IT.NRW). Die Bev\u00f6lkerungszahl in Nordrhein-Westfalen nimmt ab und die Menschen werden \u00e4lter. Gleichzeitig wird die Bev\u00f6lkerung aber auch vielf\u00e4ltiger, qualifizierter und erwerbsorientierter. Regionale Besonderheiten nehmen zu und die Unterschiede &hellip; <a href=\"https:\/\/www.schiebener.net\/wordpress\/itnrw-legt-neue-studie-zur-demografischen-und-sozialen-entwicklung-in-nordrhein-westfalen-und-seinen-regionen-vor-erhebliche-unterschiede-bei-der-bildungsstruktur\/\" class=\"more-link\"><span class=\"screen-reader-text\">\u201eIT.NRW legt neue Studie zur demografischen und sozialen Entwicklung in Nordrhein-Westfalen und seinen Regionen vor: Hochsauerlandkreis bei der Abiturquote weit hinten.\u201c <\/span>weiterlesen<\/a><\/p>\n","protected":false},"author":17,"featured_media":0,"comment_status":"open","ping_status":"open","sticky":false,"template":"","format":"standard","meta":{"footnotes":""},"categories":[3,303,80],"tags":[2244,422,1191],"class_list":["post-10572","post","type-post","status-publish","format-standard","hentry","category-bildung-und-schule","category-in-unserem-briefkasten","category-lokales","tag-abiturienten","tag-demografischer-wandel","tag-itnrw"],"_links":{"self":[{"href":"https:\/\/www.schiebener.net\/wordpress\/wp-json\/wp\/v2\/posts\/10572","targetHints":{"allow":["GET"]}}],"collection":[{"href":"https:\/\/www.schiebener.net\/wordpress\/wp-json\/wp\/v2\/posts"}],"about":[{"href":"https:\/\/www.schiebener.net\/wordpress\/wp-json\/wp\/v2\/types\/post"}],"author":[{"embeddable":true,"href":"https:\/\/www.schiebener.net\/wordpress\/wp-json\/wp\/v2\/users\/17"}],"replies":[{"embeddable":true,"href":"https:\/\/www.schiebener.net\/wordpress\/wp-json\/wp\/v2\/comments?post=10572"}],"version-history":[{"count":0,"href":"https:\/\/www.schiebener.net\/wordpress\/wp-json\/wp\/v2\/posts\/10572\/revisions"}],"wp:attachment":[{"href":"https:\/\/www.schiebener.net\/wordpress\/wp-json\/wp\/v2\/media?parent=10572"}],"wp:term":[{"taxonomy":"category","embeddable":true,"href":"https:\/\/www.schiebener.net\/wordpress\/wp-json\/wp\/v2\/categories?post=10572"},{"taxonomy":"post_tag","embeddable":true,"href":"https:\/\/www.schiebener.net\/wordpress\/wp-json\/wp\/v2\/tags?post=10572"}],"curies":[{"name":"wp","href":"https:\/\/api.w.org\/{rel}","templated":true}]}}