{"id":10402,"date":"2010-12-21T22:25:50","date_gmt":"2010-12-21T21:25:50","guid":{"rendered":"http:\/\/www.schiebener.net\/wordpress\/?p=10402"},"modified":"2010-12-21T22:25:50","modified_gmt":"2010-12-21T21:25:50","slug":"kreistag-meschede-fdp-gegen-solardachkataster","status":"publish","type":"post","link":"https:\/\/www.schiebener.net\/wordpress\/kreistag-meschede-fdp-gegen-solardachkataster\/","title":{"rendered":"Kreistag Meschede: FDP gegen Solardachkataster."},"content":{"rendered":"<div class=\"storycontent\">\n<p><a href=\"http:\/\/www.schiebener.net\/wordpress\/wp-content\/uploads\/2009\/02\/lt_briefkasten01.jpg\"><img loading=\"lazy\" decoding=\"async\" class=\"alignleft size-full wp-image-2182\" title=\"In unserem Briefkasten\" src=\"http:\/\/www.schiebener.net\/wordpress\/wp-content\/uploads\/2009\/02\/lt_briefkasten01.jpg\" alt=\"In unserem Briefkasten\" width=\"120\" height=\"91\" \/><\/a>Meschede. (<a href=\"http:\/\/sbl-fraktion.de\/aus-dem-kreistag\/solardachkataster-%E2%80%93-nun-kommt-es-doch.html\" target=\"_blank\">sbl<\/a>) Der Klimamanager der Stadt Schmallenberg hatte den  Hochsauerlandkreis um Unterst\u00fctzung bei der Erstellung eines  Solardachkatasters gebeten. Dar\u00fcber sollte der Kreistag bereits am  08.10.2010 entscheiden. Mehrere Fraktionen meldeten aber Bedenkzeit an,  zumal sich der Landrat und die B\u00fcrgermeister im Hochsauerlandkreis darin  einig waren, dass so ein \u00e2\u20ac\u017eService\u00e2\u20ac\u0153 nicht ben\u00f6tigt werde (wie aus der  Verwaltungsvorlage zu entnehmen war). Die Entscheidung wurde als  zun\u00e4chst verschoben.<\/p>\n<p>Das Solardachkataster stand am 17.12.2010 wieder auf der Tagesordnung  des Kreistags, und es fiel ein positiver Beschluss. Au\u00dfer der FDP  stimmten alle f\u00fcr die Einrichtung des Katasters. Der  FDP-Fraktionsvorsitzende begr\u00fcndete die Ablehnung mit dem Argument, das  Solardachkataster sei keine Aufwendung f\u00fcr die \u00f6ffentliche  Daseinsf\u00fcrsorge. F\u00fcr solche Dienstleistungen seien private Anbieter  vorhanden.<\/p>\n<p>Reinhard Loos von der Sauerl\u00e4nder B\u00fcrgerliste (SBL) begr\u00fc\u00dft hingegen  die Entscheidung des Kreistags pro Kataster ausdr\u00fccklich. Der Kreis  k\u00f6nne dadurch ein vorbildliches Service-Angebot f\u00fcr die B\u00fcrger schaffen,  und das zu relativ geringen Kosten.<\/p><\/div>\n","protected":false},"excerpt":{"rendered":"<p>Meschede. (sbl) Der Klimamanager der Stadt Schmallenberg hatte den Hochsauerlandkreis um Unterst\u00fctzung bei der Erstellung eines Solardachkatasters gebeten. Dar\u00fcber sollte der Kreistag bereits am 08.10.2010 entscheiden. Mehrere Fraktionen meldeten aber &hellip; <a href=\"https:\/\/www.schiebener.net\/wordpress\/kreistag-meschede-fdp-gegen-solardachkataster\/\" class=\"more-link\"><span class=\"screen-reader-text\">\u201eKreistag Meschede: FDP gegen Solardachkataster.\u201c <\/span>weiterlesen<\/a><\/p>\n","protected":false},"author":17,"featured_media":0,"comment_status":"open","ping_status":"open","sticky":false,"template":"","format":"standard","meta":{"footnotes":""},"categories":[80,24,1043],"tags":[417,494,2208],"class_list":["post-10402","post","type-post","status-publish","format-standard","hentry","category-lokales","category-politik","category-pressemitteilungen","tag-fdp","tag-kreistag-meschede","tag-solardachkataster"],"_links":{"self":[{"href":"https:\/\/www.schiebener.net\/wordpress\/wp-json\/wp\/v2\/posts\/10402","targetHints":{"allow":["GET"]}}],"collection":[{"href":"https:\/\/www.schiebener.net\/wordpress\/wp-json\/wp\/v2\/posts"}],"about":[{"href":"https:\/\/www.schiebener.net\/wordpress\/wp-json\/wp\/v2\/types\/post"}],"author":[{"embeddable":true,"href":"https:\/\/www.schiebener.net\/wordpress\/wp-json\/wp\/v2\/users\/17"}],"replies":[{"embeddable":true,"href":"https:\/\/www.schiebener.net\/wordpress\/wp-json\/wp\/v2\/comments?post=10402"}],"version-history":[{"count":0,"href":"https:\/\/www.schiebener.net\/wordpress\/wp-json\/wp\/v2\/posts\/10402\/revisions"}],"wp:attachment":[{"href":"https:\/\/www.schiebener.net\/wordpress\/wp-json\/wp\/v2\/media?parent=10402"}],"wp:term":[{"taxonomy":"category","embeddable":true,"href":"https:\/\/www.schiebener.net\/wordpress\/wp-json\/wp\/v2\/categories?post=10402"},{"taxonomy":"post_tag","embeddable":true,"href":"https:\/\/www.schiebener.net\/wordpress\/wp-json\/wp\/v2\/tags?post=10402"}],"curies":[{"name":"wp","href":"https:\/\/api.w.org\/{rel}","templated":true}]}}