{"id":1009,"date":"2008-11-10T17:35:51","date_gmt":"2008-11-10T16:35:51","guid":{"rendered":"http:\/\/www.schiebener.net\/wordpress\/?p=1009"},"modified":"2008-11-10T17:36:50","modified_gmt":"2008-11-10T16:36:50","slug":"von-totgesagten-und-markt-atheisten","status":"publish","type":"post","link":"https:\/\/www.schiebener.net\/wordpress\/von-totgesagten-und-markt-atheisten\/","title":{"rendered":"Von Totgesagten und Markt-Atheisten"},"content":{"rendered":"<p>Wie lang leben Totgesagte? Josef Stiglitz vergleicht in einem Interview mit der Frankfurter Rundschau die Finanzkrise mit dem Fall der Mauer:<\/p>\n<blockquote><p>&#8222;Abgesehen von einigen unbelehrbaren Hardlinern wird jeder sagen, dass dies das Ende des Markt-Fundamentalismus ist. Der Fall der Wall Street ist f\u00fcr den Markt-Fundamentalismus das, was der Fall der Mauer f\u00fcr den Kommunismus war. Es zeigt, dass der Weg dieser Wirtschaftsordnung nicht gangbar ist. Nun sind die Regierungen gefragt.&#8220; <a href=\"http:\/\/www.fr-online.de\/in_und_ausland\/wirtschaft\/aktuell\/?em_cnt=1626423&amp;\" target=\"_blank\">weiter fr<br \/>\n<\/a><\/p><\/blockquote>\n<p>In der Taz r\u00e4sonniert Sibylle T\u00f6nnies:<\/p>\n<blockquote><p>&#8222;Von den selbstheilenden Kr\u00e4ften des Marktes ist jetzt keine Rede mehr. Aber warum konnte diese Auffassung \u00fcberhaupt so viele Anh\u00e4nger gewinnen? Der Liberalismus ist ja keine Religion, an der man auf Gedeih und Verderb festhalten muss. Oder doch?&#8220; <a href=\"http:\/\/www.taz.de\/1\/debatte\/kommentar\/artikel\/1\/liberalismus-als-religion\/\" target=\"_blank\">weiter taz<\/a><\/p><\/blockquote>\n","protected":false},"excerpt":{"rendered":"<p>Wie lang leben Totgesagte? Josef Stiglitz vergleicht in einem Interview mit der Frankfurter Rundschau die Finanzkrise mit dem Fall der Mauer: &#8222;Abgesehen von einigen unbelehrbaren Hardlinern wird jeder sagen, dass &hellip; <a href=\"https:\/\/www.schiebener.net\/wordpress\/von-totgesagten-und-markt-atheisten\/\" class=\"more-link\"><span class=\"screen-reader-text\">\u201eVon Totgesagten und Markt-Atheisten\u201c <\/span>weiterlesen<\/a><\/p>\n","protected":false},"author":3,"featured_media":0,"comment_status":"open","ping_status":"open","sticky":false,"template":"","format":"standard","meta":{"footnotes":""},"categories":[24],"tags":[136],"class_list":["post-1009","post","type-post","status-publish","format-standard","hentry","category-politik","tag-finanzkrise"],"_links":{"self":[{"href":"https:\/\/www.schiebener.net\/wordpress\/wp-json\/wp\/v2\/posts\/1009","targetHints":{"allow":["GET"]}}],"collection":[{"href":"https:\/\/www.schiebener.net\/wordpress\/wp-json\/wp\/v2\/posts"}],"about":[{"href":"https:\/\/www.schiebener.net\/wordpress\/wp-json\/wp\/v2\/types\/post"}],"author":[{"embeddable":true,"href":"https:\/\/www.schiebener.net\/wordpress\/wp-json\/wp\/v2\/users\/3"}],"replies":[{"embeddable":true,"href":"https:\/\/www.schiebener.net\/wordpress\/wp-json\/wp\/v2\/comments?post=1009"}],"version-history":[{"count":0,"href":"https:\/\/www.schiebener.net\/wordpress\/wp-json\/wp\/v2\/posts\/1009\/revisions"}],"wp:attachment":[{"href":"https:\/\/www.schiebener.net\/wordpress\/wp-json\/wp\/v2\/media?parent=1009"}],"wp:term":[{"taxonomy":"category","embeddable":true,"href":"https:\/\/www.schiebener.net\/wordpress\/wp-json\/wp\/v2\/categories?post=1009"},{"taxonomy":"post_tag","embeddable":true,"href":"https:\/\/www.schiebener.net\/wordpress\/wp-json\/wp\/v2\/tags?post=1009"}],"curies":[{"name":"wp","href":"https:\/\/api.w.org\/{rel}","templated":true}]}}