{"id":10086,"date":"2010-11-30T21:57:50","date_gmt":"2010-11-30T20:57:50","guid":{"rendered":"http:\/\/www.schiebener.net\/wordpress\/?p=10086"},"modified":"2010-11-30T21:57:50","modified_gmt":"2010-11-30T20:57:50","slug":"umleitung-eine-teilweise-schrage-sammlung-oder","status":"publish","type":"post","link":"https:\/\/www.schiebener.net\/wordpress\/umleitung-eine-teilweise-schrage-sammlung-oder\/","title":{"rendered":"Umleitung: eine teilweise schr\u00e4ge Sammlung &#8230; oder?"},"content":{"rendered":"<figure id=\"attachment_10087\" aria-describedby=\"caption-attachment-10087\" style=\"width: 224px\" class=\"wp-caption alignleft\"><img loading=\"lazy\" decoding=\"async\" class=\"size-full wp-image-10087 \" title=\"hochsitz20101128\" src=\"http:\/\/www.schiebener.net\/wordpress\/wp-content\/uploads\/2010\/11\/hochsitz20101128.jpg\" alt=\"Hochsitz im Schnee nahe dem Kahlenberg. (foto: zoom)\" width=\"224\" height=\"168\" srcset=\"https:\/\/www.schiebener.net\/wordpress\/wp-content\/uploads\/2010\/11\/hochsitz20101128.jpg 320w, https:\/\/www.schiebener.net\/wordpress\/wp-content\/uploads\/2010\/11\/hochsitz20101128-300x225.jpg 300w\" sizes=\"auto, (max-width: 224px) 85vw, 224px\" \/><figcaption id=\"caption-attachment-10087\" class=\"wp-caption-text\">Hochsitz im Schnee am Kahlenberg. (foto: zoom)<\/figcaption><\/figure>\n<p><strong>Jugendmedienschutzstaatsvertrag:<\/strong> Kurz bevor er beschlossen ist, entdeckt das Internet den Jugendmedienschutzstaatsvertrag als brisantes politisches Thema. Ausl\u00f6ser sind ausgerechnet die derzeit \u00e4u\u00dferst beliebten Gr\u00fcnen &#8230; <a href=\"http:\/\/jetzt.sueddeutsche.de\/texte\/anzeigen\/515428\" target=\"_blank\">jetzt.de<\/a><\/p>\n<p><strong>Das unn\u00fctze B\u00fcro:<\/strong> eine Mitmach-Geschichte bei &#8230; <a href=\"http:\/\/www.endoplast.de\/2010\/11\/24\/mitmach-geschichte-das-unnutze-buro\/\" target=\"_blank\">endoplast <\/a><\/p>\n<p><strong>Kinderverbl\u00f6dung:<\/strong> im Kinderkanal KI.KA meint &#8230; <a href=\"http:\/\/hpd.de\/node\/10768\" target=\"_blank\">hpd<\/a><\/p>\n<p><strong>Nachdenkseiten I:<\/strong> Siebter Geburtstag &#8230; <a href=\"http:\/\/www.nachdenkseiten.de\/?p=7581\" target=\"_blank\">nachdenkseiten<\/a><\/p>\n<p><strong>Nachdenkseiten II: <\/strong>Es ist interessant zu beobachten, wie sich ein wesentlicher Teil der  deutschen Medien \u00fcber die Ver\u00f6ffentlichung der diplomatischen Dokumente  durch Wikileaks aufregen &#8230; <a href=\"http:\/\/www.nachdenkseiten.de\/?p=7587\" target=\"_blank\">nachdenkseiten<\/a><\/p>\n<p><strong>Sarrazin in Duisburg:<\/strong> Streit \u00fcber Gaskammern? &#8230; <a href=\"http:\/\/www.ruhrbarone.de\/sarrazin-in-duisburg-am-rande-ein-streit-uber-die-gaskammern\/\" target=\"_blank\">ruhrbarone<\/a><\/p>\n<p><strong>Wikileaks:<\/strong> Das eigentlich Interessante ist die atemberaubende  Selbstreferentialit\u00e4t, mit der sich die gesellschaftliche Kommunikation  mal wieder zelebriert. Ich meine: Ist es nicht erstaunlich, dass in  Zeiten, wo das Jahrhundertprojekt \u00e2\u20ac\u0153EURO\u00e2\u20ac\u009d den L\u00f6ffel abgibt und das  Weltb\u00fcrgertum auf die Zielgerade zum \u00e2\u20ac\u0153Gro\u00dfen Kladderadatsch\u00e2\u20ac\u009d  einbiegt, in Haiti die Cholera w\u00fctet und der eine oder andere Vulkan  ausbricht, die Filetst\u00fccke der Gazetten darauf verwendet werden, was  irgendwelche Politiker insgeheim \u00fcber irgendwelche Politiker denken? &#8230; <a href=\"http:\/\/www.weissgarnix.de\/2010\/11\/30\/selbstreferentialitat-meets-doppelmoral\/\" target=\"_blank\">weissgarnix<\/a><\/p>\n<p><strong>K\u00fcnstliche Befruchtung, Embryonen und PID:<\/strong> Ein Rabbiner, ein katholischer und ein evangelischer Geistlicher werden  gefragt, wann das Leben beginnt. Der Katholik erkl\u00e4rt, zweifelsfrei sei  der Zeitpunkt mit der Befruchtung gegeben. Der Protestant betont: mit  dem Entstehen eines k\u00f6rperlich erkennbaren Embryos. Der Rabbiner denkt  kurz nach und meint schlie\u00dflich: \u00bbNun ja, das Leben beginnt eigentlich  erst, wenn die Kinder aus dem Haus sind und der Hund gestorben ist.\u00ab\u00a0 Dieser  Witz l\u00e4sst erahnen, dass das Judentum eine sehr eigene und wom\u00f6glich  pragmatische Sicht auf die wichtigen Fragen des Lebens hat &#8230; <a href=\"http:\/\/www.juedische-allgemeine.de\/article\/view\/id\/9146\" target=\"_blank\">juedischeallgemeine<\/a><\/p>\n<p><strong>Einstimmig f\u00fcr Gemeinschaftsschule:<\/strong> Der Modellversuch Gemeinschaftsschule h\u00e4lt nun auch in unserer Region Einzug. Die Politiker im Rat der Gemeinde Lippetal im Nachbarkreis Soest haben am Montag gr\u00fcnes Licht gegeben. Die Entscheidung fiel einstimmig &#8230; <a href=\"http:\/\/sbl-fraktion.de\/schulpolitik\/einstimmig-fur-gemeinschaftsschule.html\" target=\"_blank\">sbl<\/a><\/p>\n<p><strong>Sundern:<\/strong> Grundschulstandorte auf der Kippe &#8230; <a href=\"http:\/\/www.gruene-sundern.de\/?p=635\" target=\"_blank\">gruenesundern<\/a><\/p>\n<p><strong>Marsberg:<\/strong> Nicht qualifiziert? Der Dienstantritt des neuen Beigeordneten Andreas Fresen verz\u00f6gert sich &#8230; <a href=\"http:\/\/www.derwesten.de\/staedte\/brilon\/MBA-Titel-reicht-in-NRW-nicht-fuers-Amt-id4003822.html\" target=\"_blank\">wpBrilon<\/a><\/p>\n","protected":false},"excerpt":{"rendered":"<p>Jugendmedienschutzstaatsvertrag: Kurz bevor er beschlossen ist, entdeckt das Internet den Jugendmedienschutzstaatsvertrag als brisantes politisches Thema. Ausl\u00f6ser sind ausgerechnet die derzeit \u00e4u\u00dferst beliebten Gr\u00fcnen &#8230; jetzt.de Das unn\u00fctze B\u00fcro: eine Mitmach-Geschichte &hellip; <a href=\"https:\/\/www.schiebener.net\/wordpress\/umleitung-eine-teilweise-schrage-sammlung-oder\/\" class=\"more-link\"><span class=\"screen-reader-text\">\u201eUmleitung: eine teilweise schr\u00e4ge Sammlung &#8230; oder?\u201c <\/span>weiterlesen<\/a><\/p>\n","protected":false},"author":3,"featured_media":0,"comment_status":"open","ping_status":"open","sticky":false,"template":"","format":"standard","meta":{"footnotes":""},"categories":[3,319,80,32,24,49,379],"tags":[1797,2085,2141,873,101,2142,1647,1245,1083],"class_list":["post-10086","post","type-post","status-publish","format-standard","hentry","category-bildung-und-schule","category-geschichte","category-lokales","category-medien","category-politik","category-religion","category-umleitung","tag-gemeinschaftsschule","tag-jmstv","tag-kika","tag-marsberg","tag-nachdenkseiten","tag-pid","tag-sarrazin","tag-schulschliesungen","tag-wikileaks"],"_links":{"self":[{"href":"https:\/\/www.schiebener.net\/wordpress\/wp-json\/wp\/v2\/posts\/10086","targetHints":{"allow":["GET"]}}],"collection":[{"href":"https:\/\/www.schiebener.net\/wordpress\/wp-json\/wp\/v2\/posts"}],"about":[{"href":"https:\/\/www.schiebener.net\/wordpress\/wp-json\/wp\/v2\/types\/post"}],"author":[{"embeddable":true,"href":"https:\/\/www.schiebener.net\/wordpress\/wp-json\/wp\/v2\/users\/3"}],"replies":[{"embeddable":true,"href":"https:\/\/www.schiebener.net\/wordpress\/wp-json\/wp\/v2\/comments?post=10086"}],"version-history":[{"count":0,"href":"https:\/\/www.schiebener.net\/wordpress\/wp-json\/wp\/v2\/posts\/10086\/revisions"}],"wp:attachment":[{"href":"https:\/\/www.schiebener.net\/wordpress\/wp-json\/wp\/v2\/media?parent=10086"}],"wp:term":[{"taxonomy":"category","embeddable":true,"href":"https:\/\/www.schiebener.net\/wordpress\/wp-json\/wp\/v2\/categories?post=10086"},{"taxonomy":"post_tag","embeddable":true,"href":"https:\/\/www.schiebener.net\/wordpress\/wp-json\/wp\/v2\/tags?post=10086"}],"curies":[{"name":"wp","href":"https:\/\/api.w.org\/{rel}","templated":true}]}}